{"id":265877,"date":"2026-09-01T14:57:26","date_gmt":"2026-09-01T14:57:26","guid":{"rendered":"https:\/\/www.europesays.com\/ee\/265877\/"},"modified":"2026-09-01T14:57:26","modified_gmt":"2026-09-01T14:57:26","slug":"euroopa-liiga-voitja-kordas-miinusmargiga-rekordit-meister-arsenal-jatkab-taiseduga-soccernet-ee","status":"publish","type":"post","link":"https:\/\/www.europesays.com\/ee\/265877\/","title":{"rendered":"Euroopa liiga v\u00f5itja kordas miinusm\u00e4rgiga rekordit, meister Arsenal j\u00e4tkab t\u00e4iseduga &#8211; Soccernet.ee"},"content":{"rendered":"<p><img decoding=\"async\" src=\"https:\/\/www.europesays.com\/ee\/wp-content\/uploads\/2026\/09\/1788210229.jpg\" alt=\"Nulliring: Aston Villa kapten John McGinn ja kaaslased peavad esimest pealel\u00f6\u00f6ki veel ootama. Foto: Scanpix \/ Peter Powell \/ EPA\"\/>&#13;\n<\/p>\n<p>Suvel suure muutumise l\u00e4bi teinud Inglismaa eelmise hooaja neljas meeskond ja Euroopa liiga v\u00f5itja Aston Villa on kahe vooru j\u00e4rel j\u00e4tkuvalt punktita, sest kodus kaotati 0:1 valitsevale meistrile Arsenalile.<\/p>\n<p>Hoogsalt alustanud Villa poolel tabas Emiliano Buendia terava kaugl\u00f6\u00f6giga 12. minutil p\u00f5iklatti. Avapoolaja v\u00f5rdne v\u00f5itlus l\u00f5ppes siiski sellega, et kahe peale tehtud seitsmest pealel\u00f6\u00f6gist ei suutnud kumbki meeskond ainsatki raamide vahele suunata. Teise poolaja alguses elas Villa \u00fcle ehmatuse, sest Ian Maatsen kukutas Bukayo Saka ning peakohtunik Jarred Gillett m\u00e4\u00e4ras penalti. Videokordused n\u00e4itasid siiski, et viga tehti napilt v\u00e4ljaspool karistusala, teenitud karistusl\u00f6\u00f6gi keerutas Martin \u00d6degaard \u00f5ige pisut postist m\u00f6\u00f6da.&#13;\n<\/p>\n<p>M\u00f5ni minut hiljem harutas Arsenal v\u00f5\u00f5rustajate kaitseliini l\u00f5puks ikkagi lahti. Riccardo Calafiori s\u00f6\u00f6du suunas Saka m\u00f5nelt meetrilt v\u00f5rku ja viis Arsenali 59. minutil juhtima.\u00a0Sellest tabamusest k\u00fclalistele piisaski, avavoorus Brightonile 0:4 kaotanud Villa otsib aga kahe vooru j\u00e4rel j\u00e4tkuvalt hooaja esimest raamide vahele suunatud l\u00f6\u00f6ki.&#13;\n<\/p>\n<p>Viimase 23 hooaja jooksul on Premier League&#8217;i kahes esimeses voorus selles arvestuses lisaks Villale kuivale j\u00e4\u00e4nud vaid Swansea City hooajal 2017-18. V\u00f5imalus vigade paranduseks avaneb Birminghami meeskonnal juba laup\u00e4eval, kui s\u00f5idetakse k\u00fclla k\u00f5rgliigasse naasnud ja kahe v\u00f5iduga alustanud Hull Cityle. Arsenalile saabub aga p\u00fchap\u00e4eval Londoni tippklubide duellis k\u00fclla Chelsea.<\/p>\n<blockquote class=\"twitter-tweet\"><p>&#13;<\/p>\n<p lang=\"en\" dir=\"ltr\">0 &#8211; Aston Villa in 2026-27 are just the second team on record since 2003-04 to fail to have a shot on target in their first two Premier League games in a season, along with Swansea in 2017-18.<\/p>\n<p>Shy. <a href=\"https:\/\/t.co\/LpA7bfVk0T\" rel=\"nofollow\">pic.twitter.com\/LpA7bfVk0T<\/a>&#13;<br \/>\n\u2014 OptaJoe (@OptaJoe) <a href=\"https:\/\/x.com\/OptaJoe\/status\/2094530150759022895?ref_src=twsrc%5Etfw\" rel=\"nofollow\">August 31, 2026<\/a><\/p>\n<\/blockquote>\n<p>          <script async src=\"https:\/\/platform.twitter.com\/widgets.js\" charset=\"utf-8\"><\/script><\/p>\n","protected":false},"excerpt":{"rendered":"&#13; Suvel suure muutumise l\u00e4bi teinud Inglismaa eelmise hooaja neljas meeskond ja Euroopa liiga v\u00f5itja Aston Villa on&hellip;\n","protected":false},"author":2,"featured_media":265878,"comment_status":"","ping_status":"","sticky":false,"template":"","format":"standard","meta":{"footnotes":"","_share_on_mastodon":"0"},"categories":[18],"tags":[1610,1611,18342,24046,37,33,35,34,36,1101,808,7995,159,158,2085],"class_list":["post-265877","post","type-post","status-publish","format-standard","has-post-thumbnail","category-sport","tag-arsenal","tag-aston-villa","tag-bukayo-saka","tag-calafiori","tag-ee","tag-eesti","tag-eesti-keel","tag-estonia","tag-estonian","tag-inglismaa","tag-premier-league","tag-saka","tag-sport","tag-sports","tag-villa"],"share_on_mastodon":{"url":"https:\/\/pubeurope.com\/@ee\/117196374155859416","error":""},"_links":{"self":[{"href":"https:\/\/www.europesays.com\/ee\/wp-json\/wp\/v2\/posts\/265877","targetHints":{"allow":["GET"]}}],"collection":[{"href":"https:\/\/www.europesays.com\/ee\/wp-json\/wp\/v2\/posts"}],"about":[{"href":"https:\/\/www.europesays.com\/ee\/wp-json\/wp\/v2\/types\/post"}],"author":[{"embeddable":true,"href":"https:\/\/www.europesays.com\/ee\/wp-json\/wp\/v2\/users\/2"}],"replies":[{"embeddable":true,"href":"https:\/\/www.europesays.com\/ee\/wp-json\/wp\/v2\/comments?post=265877"}],"version-history":[{"count":0,"href":"https:\/\/www.europesays.com\/ee\/wp-json\/wp\/v2\/posts\/265877\/revisions"}],"wp:featuredmedia":[{"embeddable":true,"href":"https:\/\/www.europesays.com\/ee\/wp-json\/wp\/v2\/media\/265878"}],"wp:attachment":[{"href":"https:\/\/www.europesays.com\/ee\/wp-json\/wp\/v2\/media?parent=265877"}],"wp:term":[{"taxonomy":"category","embeddable":true,"href":"https:\/\/www.europesays.com\/ee\/wp-json\/wp\/v2\/categories?post=265877"},{"taxonomy":"post_tag","embeddable":true,"href":"https:\/\/www.europesays.com\/ee\/wp-json\/wp\/v2\/tags?post=265877"}],"curies":[{"name":"wp","href":"https:\/\/api.w.org\/{rel}","templated":true}]}}