{"id":265887,"date":"2026-09-01T15:11:23","date_gmt":"2026-09-01T15:11:23","guid":{"rendered":"https:\/\/www.europesays.com\/ee\/265887\/"},"modified":"2026-09-01T15:11:23","modified_gmt":"2026-09-01T15:11:23","slug":"parnumaa-kolmes-koolis-alustab-1-klassis-oppetood-vaid-uks-laps","status":"publish","type":"post","link":"https:\/\/www.europesays.com\/ee\/265887\/","title":{"rendered":"P\u00e4rnumaa kolmes koolis alustab 1. klassis \u00f5ppet\u00f6\u00f6d vaid \u00fcks laps"},"content":{"rendered":"<p>\u201eSee on harukordne k\u00fcll, et nii v\u00e4he lapsi on, aga meie oleme uueks kooliaastaks ikka valmis. \u00d5petajad on k\u00f5ik olemas. K\u00f5ik ametikohad on t\u00e4idetud, peale logopeedi muidugi,\u201c r\u00e4\u00e4gib Kuldkepp. <\/p>\n<p>Kooliaasta algab Juurikaru koolis tavap\u00e4raselt. Direktori s\u00f5nutsi mingeid uuendusi koolis sisse viia ei saa, sest laste arv on v\u00e4henemas.<\/p>\n<p>Juurikaru koolis on <a rel=\"noopener nofollow\" target=\"_blank\" href=\"https:\/\/www.delfi.ee\/teema\/96885624\/esimene\" tag-id=\"96885624\">esimene<\/a> ja teine klass liidetud, nii et ainus v\u00e4rske koolij\u00fcts p\u00e4ris \u00fcksi klassis istuma ei pea. Temaga liitub ka \u00fcks eelmise aasta koolipoiss, kes klassikursust kordama j\u00e4i.<\/p>\n<p>T\u00e4navu \u00f5pib Juurikaru p\u00f5hikoolis 34 \u00f5pilast. Tulevikku vaadates \u00fctleb Kuldkepp, et j\u00e4rgmisel aastal on lootust, et kooliteed alustab rohkem kui \u00fcks laps. Paraku j\u00e4\u00e4b tema s\u00f5nutsi maakoolides pikemas perspektiivis lapsi \u00fcha v\u00e4hemaks : \u201eEga pikalt seda ilu ei ole. See on see v\u00e4ikeste kohtade h\u00e4da, et lapsi ei j\u00e4tku.\u201c<\/p>\n<p>P\u00e4rnj\u00f5e koolipere on uueks kooliaastaks valmis<\/p>\n<p>P\u00e4rnj\u00f5e kooli direktor Valdur Ojala kinnitab samuti, et tema kooli tuleb t\u00e4navu t\u00f5esti \u00fcks ainuke laps. Seda polevat direktori s\u00f5nutsi p\u00e4ris ammu juhtunud. K\u00fcll on olnud aastaid, kui kooliteed alustab kaks v\u00f5i kolm last.<\/p>\n<p>\u201eLiitklassid on meil juba ammu, nii et esimese klassi laps hakkab \u00f5ppima koos kolmanda klassiga. \u00d5petajad on meil k\u00f5ik olemas ja tundub k\u00fcll, et oleme kooliaastaks valmis,\u201c \u00fctleb Ojala.<\/p>\n<p>P\u00e4rnj\u00f5e algkoolis \u00f5pib sel kooliaastal esimesest kuni kuuenda klassini 14 last. Ojala s\u00f5nutsi ei n\u00e4e ta, et ka j\u00e4rgmistel aastatel v\u00f5iks v\u00e4ikekooli rohkem lapsi tulla. J\u00e4rgmisel aastal on siiski lootust, et P\u00e4rnj\u00f5el alustab kooliteed kaks last.<\/p>\n<p>\u00d5ppeaasta numbrites<\/p>\n<p>Haridus- ja teadusministeeriumi prognoosi kohaselt asub 2026\/27. \u00f5ppeaastal \u00fcldhariduskoolide statsionaarses \u00f5ppes \u00f5ppima ligikaudu 160 000 \u00f5pilast. Esimest korda astub \u00fcle koolil\u00e4ve umbes 14 700 last. Eestis tegutseb 460 \u00fcldhariduskooli.<\/p>\n<p>Ministeerium r\u00f5hutab, et tegemist on esialgsete andmetega. \u00d5pilaste t\u00e4pne arv selgub s\u00fcgisel, kui koolid on oma andmed Eesti Hariduse Infos\u00fcsteemis ehk EHISes kinnitanud ja need on kontrollitud. Seet\u00f5ttu v\u00f5ivad esialgsed arvud \u00f5ppeaasta jooksul m\u00f5nev\u00f5rra muutuda. <\/p>\n<p>P\u00f5hikooli l\u00f5petas t\u00e4navu umbes 15 000 noort. Uus \u00f5ppeaasta toob neile kaasa olulise muudatuse, sest t\u00e4navu j\u00f5ustunud \u00f5ppimiskohustuse reform t\u00e4hendab, et p\u00f5hikooli l\u00f5petanud noored peavad j\u00e4tkama haridusteed kesk- v\u00f5i kutsehariduse omandamiseni v\u00f5i v\u00e4hemalt 18-aastaseks saamiseni.<\/p>\n<p>25. augusti seisuga oli EHISes \u00f5ppekoha kinnitanud 80 protsenti t\u00e4navu p\u00f5hikooli l\u00f5petanutest ehk ligikaudu 12 000 noort. G\u00fcmnaasiumis j\u00e4tkab neist 9720 ning kutsekeskhariduses 3305 noort. Lisaks j\u00e4tkab osa noori kutse\u00f5ppes v\u00f5i ettevalmistavas \u00f5ppes. \u00d5ppekoht oli 25. augusti seisuga veel kinnitamata 1674 noorel. <\/p>\n<p>T\u00e4navune kooliaasta on oluline ka eestikeelsele haridusele \u00fclemineku t\u00f5ttu. Alates 1. septembrist \u00f5pivad k\u00f5ik 1.\u20136. klassi \u00f5pilased eesti keeles. <\/p>\n<p>Kuidas see lugu Sind end tundma pani?Saada<a href=\"https:\/\/maaleht.delfi.ee\/artikkel\/120607513\/parnumaa-kolmes-koolis-alustab-1-klassis-oppetood-vaid-uks-laps\/kommentaarid\" class=\"button button--primary button--size-auto article-body-bottom__comment article-body-bottom__comment--write\" style=\"\" rel=\"nofollow noopener\" target=\"_blank\">Kommenteeri<\/a><a href=\"https:\/\/maaleht.delfi.ee\/artikkel\/120607513\/parnumaa-kolmes-koolis-alustab-1-klassis-oppetood-vaid-uks-laps\/kommentaarid\" class=\"button button--size-auto article-body-bottom__comment article-body-bottom__comment--read\" style=\"\" rel=\"nofollow noopener\" target=\"_blank\">Loe kommentaare (47)<\/a><\/p>\n","protected":false},"excerpt":{"rendered":"\u201eSee on harukordne k\u00fcll, et nii v\u00e4he lapsi on, aga meie oleme uueks kooliaastaks ikka valmis. \u00d5petajad on&hellip;\n","protected":false},"author":2,"featured_media":265888,"comment_status":"","ping_status":"","sticky":false,"template":"","format":"standard","meta":{"footnotes":"","_share_on_mastodon":"0"},"categories":[12],"tags":[26,27,13795,37,33,35,103188,34,36,31,32,21,22265,405,81722,28,29,19,350,25,23,24,22,20,30],"class_list":["post-265887","post","type-post","status-publish","format-standard","has-post-thumbnail","category-eesti","tag-breaking-news","tag-breakingnews","tag-direktor","tag-ee","tag-eesti","tag-eesti-keel","tag-esimene","tag-estonia","tag-estonian","tag-featured-news","tag-featurednews","tag-headlines","tag-klass","tag-kool","tag-kooli-minek","tag-latest-news","tag-latestnews","tag-news","tag-parnumaa","tag-populaarseimad-lood","tag-top-stories","tag-topstories","tag-uldised-uudised","tag-uudised","tag-viimased-uudised"],"share_on_mastodon":{"url":"https:\/\/pubeurope.com\/@ee\/117196428876002404","error":""},"_links":{"self":[{"href":"https:\/\/www.europesays.com\/ee\/wp-json\/wp\/v2\/posts\/265887","targetHints":{"allow":["GET"]}}],"collection":[{"href":"https:\/\/www.europesays.com\/ee\/wp-json\/wp\/v2\/posts"}],"about":[{"href":"https:\/\/www.europesays.com\/ee\/wp-json\/wp\/v2\/types\/post"}],"author":[{"embeddable":true,"href":"https:\/\/www.europesays.com\/ee\/wp-json\/wp\/v2\/users\/2"}],"replies":[{"embeddable":true,"href":"https:\/\/www.europesays.com\/ee\/wp-json\/wp\/v2\/comments?post=265887"}],"version-history":[{"count":0,"href":"https:\/\/www.europesays.com\/ee\/wp-json\/wp\/v2\/posts\/265887\/revisions"}],"wp:featuredmedia":[{"embeddable":true,"href":"https:\/\/www.europesays.com\/ee\/wp-json\/wp\/v2\/media\/265888"}],"wp:attachment":[{"href":"https:\/\/www.europesays.com\/ee\/wp-json\/wp\/v2\/media?parent=265887"}],"wp:term":[{"taxonomy":"category","embeddable":true,"href":"https:\/\/www.europesays.com\/ee\/wp-json\/wp\/v2\/categories?post=265887"},{"taxonomy":"post_tag","embeddable":true,"href":"https:\/\/www.europesays.com\/ee\/wp-json\/wp\/v2\/tags?post=265887"}],"curies":[{"name":"wp","href":"https:\/\/api.w.org\/{rel}","templated":true}]}}