{"id":265909,"date":"2026-09-01T15:45:21","date_gmt":"2026-09-01T15:45:21","guid":{"rendered":"https:\/\/www.europesays.com\/ee\/265909\/"},"modified":"2026-09-01T15:45:21","modified_gmt":"2026-09-01T15:45:21","slug":"vagistamises-suudimoistetud-norra-kuninganna-poeg-sai-eriloa-kuningas-haraldi-arasaatmiseks","status":"publish","type":"post","link":"https:\/\/www.europesays.com\/ee\/265909\/","title":{"rendered":"V\u00e4gistamises s\u00fc\u00fcdim\u00f5istetud Norra kuninganna poeg sai eriloa kuningas Haraldi \u00e4rasaatmiseks"},"content":{"rendered":"<p>Norra kuninganna Mette-Mariti poeg Marius Borg H\u00f8iby sai erandkorras loa osaleda oma kasuvanaisa, varalahkunud kuningas Haraldi matustega seotud s\u00fcndmustel, kuigi viibib praegu koduarestis.<\/p>\n<p>29-aastane H\u00f8iby osales esmasp\u00e4eval, 31. augustil Oslo kuningalossis toimunud tseremoonial, kus kuningas Haraldi kirst viidi lossi Punastest salongidest kabelisse. Sinna j\u00e4\u00e4b kirst kuni riikliku matusep\u00e4evani 9. septembril.<\/p>\n","protected":false},"excerpt":{"rendered":"Norra kuninganna Mette-Mariti poeg Marius Borg H\u00f8iby sai erandkorras loa osaleda oma kasuvanaisa, varalahkunud kuningas Haraldi matustega seotud&hellip;\n","protected":false},"author":2,"featured_media":265910,"comment_status":"","ping_status":"","sticky":false,"template":"","format":"standard","meta":{"footnotes":"","_share_on_mastodon":"0"},"categories":[5],"tags":[26,27,37,33,35,67,34,36,31,32,21,28,29,4988,19,25,998,4989,2928,23,24,22,20,30],"class_list":["post-265909","post","type-post","status-publish","format-standard","has-post-thumbnail","category-uldised-uudised","tag-breaking-news","tag-breakingnews","tag-ee","tag-eesti","tag-eesti-keel","tag-elustiil","tag-estonia","tag-estonian","tag-featured-news","tag-featurednews","tag-headlines","tag-latest-news","tag-latestnews","tag-moeuudised","tag-news","tag-populaarseimad-lood","tag-sobranna","tag-soovitused","tag-suhted","tag-top-stories","tag-topstories","tag-uldised-uudised","tag-uudised","tag-viimased-uudised"],"share_on_mastodon":{"url":"https:\/\/pubeurope.com\/@ee\/117196562330388847","error":""},"_links":{"self":[{"href":"https:\/\/www.europesays.com\/ee\/wp-json\/wp\/v2\/posts\/265909","targetHints":{"allow":["GET"]}}],"collection":[{"href":"https:\/\/www.europesays.com\/ee\/wp-json\/wp\/v2\/posts"}],"about":[{"href":"https:\/\/www.europesays.com\/ee\/wp-json\/wp\/v2\/types\/post"}],"author":[{"embeddable":true,"href":"https:\/\/www.europesays.com\/ee\/wp-json\/wp\/v2\/users\/2"}],"replies":[{"embeddable":true,"href":"https:\/\/www.europesays.com\/ee\/wp-json\/wp\/v2\/comments?post=265909"}],"version-history":[{"count":0,"href":"https:\/\/www.europesays.com\/ee\/wp-json\/wp\/v2\/posts\/265909\/revisions"}],"wp:featuredmedia":[{"embeddable":true,"href":"https:\/\/www.europesays.com\/ee\/wp-json\/wp\/v2\/media\/265910"}],"wp:attachment":[{"href":"https:\/\/www.europesays.com\/ee\/wp-json\/wp\/v2\/media?parent=265909"}],"wp:term":[{"taxonomy":"category","embeddable":true,"href":"https:\/\/www.europesays.com\/ee\/wp-json\/wp\/v2\/categories?post=265909"},{"taxonomy":"post_tag","embeddable":true,"href":"https:\/\/www.europesays.com\/ee\/wp-json\/wp\/v2\/tags?post=265909"}],"curies":[{"name":"wp","href":"https:\/\/api.w.org\/{rel}","templated":true}]}}