{"id":265913,"date":"2026-09-01T15:52:10","date_gmt":"2026-09-01T15:52:10","guid":{"rendered":"https:\/\/www.europesays.com\/ee\/265913\/"},"modified":"2026-09-01T15:52:10","modified_gmt":"2026-09-01T15:52:10","slug":"prantsuse-rattur-sai-puhkepaeva-jarel-karjaari-tahtsaima-voidu-jalgrattasport","status":"publish","type":"post","link":"https:\/\/www.europesays.com\/ee\/265913\/","title":{"rendered":"Prantsuse rattur sai puhkep\u00e4eva j\u00e4rel karj\u00e4\u00e4ri t\u00e4htsaima v\u00f5idu | Jalgrattasport"},"content":{"rendered":"<p>Hispaania velotuuri k\u00fcmnenda etapi (Alcaraz &#8211; Elche de la Sierra; 184,7 km) v\u00f5itis prantslane Bastien Tronchon (Groupama &#8211; FDJ United; 4:07.41). \u00dcldliidrina j\u00e4tkab hispaanlane Enric Mas (Movistar Team).<\/p>\n<p>P\u00e4rast velotuuri esimest puhkep\u00e4eva ootas rattureid kolme kolmanda kategooria t\u00f5usuga etapp, kus viimased kilomeetrid kulgesid \u00fclesm\u00e4ge.<\/p>\n<p>Grupifini\u0161is n\u00e4itas valusaimat minekut 24-aastane Tronchon, kelle jaoks oli tegemist karj\u00e4\u00e4ri esimese suurtuuri etapiv\u00f5idu ja k\u00f5ige hinnalisema esikohaga.<\/p>\n<p>Spetsialistid n\u00e4gid teisip\u00e4eval enim \u0161ansse Wout van Aertil (Team Visma | Lease a Bike), aga belglasel tuli leppida neljanda kohaga. Tema ja v\u00f5itja vahele j\u00e4id veel taanlane Magnus Cort (Uno-X Mobility) ja kaasmaalane Thibau Nys (Lidl &#8211; Trek). Mas \u00fcletas fini\u0161ijoone 36. kohal.<\/p>\n<p>Kokkuv\u00f5ttes on Mas endiselt kindel liider. Sloveen Primo\u017e Roglic (Red Bull &#8211; Bora &#8211; Hansgrohe) kaotab talle minuti ja 18 sekundiga. Kolmas on austerlane Felix Gall (Decathlon CMA CGM Team; +1.39).<\/p>\n<p>Kolmap\u00e4eval on kavas 151,3-kilomeetrine etapp marsruudil Cartagena &#8211; Lorca. Kui muidu on tegemist \u00fcsna tasase minekuga, siis 32 kilomeetrit enne fini\u0161it j\u00f5utakse \u00fche kolmanda kategooria t\u00f5usu otsa. Sealt edaspidi on aga allam\u00e4ge minek.<\/p>\n","protected":false},"excerpt":{"rendered":"Hispaania velotuuri k\u00fcmnenda etapi (Alcaraz &#8211; Elche de la Sierra; 184,7 km) v\u00f5itis prantslane Bastien Tronchon (Groupama &#8211;&hellip;\n","protected":false},"author":2,"featured_media":265914,"comment_status":"","ping_status":"","sticky":false,"template":"","format":"standard","meta":{"footnotes":"","_share_on_mastodon":"0"},"categories":[18],"tags":[103195,37,33,35,80702,34,36,159,158,2477,60995],"class_list":["post-265913","post","type-post","status-publish","format-standard","has-post-thumbnail","category-sport","tag-bastien-tronchon","tag-ee","tag-eesti","tag-eesti-keel","tag-enric-mas","tag-estonia","tag-estonian","tag-sport","tag-sports","tag-vuelta","tag-wout-van-aert"],"share_on_mastodon":{"url":"https:\/\/pubeurope.com\/@ee\/117196590179400161","error":""},"_links":{"self":[{"href":"https:\/\/www.europesays.com\/ee\/wp-json\/wp\/v2\/posts\/265913","targetHints":{"allow":["GET"]}}],"collection":[{"href":"https:\/\/www.europesays.com\/ee\/wp-json\/wp\/v2\/posts"}],"about":[{"href":"https:\/\/www.europesays.com\/ee\/wp-json\/wp\/v2\/types\/post"}],"author":[{"embeddable":true,"href":"https:\/\/www.europesays.com\/ee\/wp-json\/wp\/v2\/users\/2"}],"replies":[{"embeddable":true,"href":"https:\/\/www.europesays.com\/ee\/wp-json\/wp\/v2\/comments?post=265913"}],"version-history":[{"count":0,"href":"https:\/\/www.europesays.com\/ee\/wp-json\/wp\/v2\/posts\/265913\/revisions"}],"wp:featuredmedia":[{"embeddable":true,"href":"https:\/\/www.europesays.com\/ee\/wp-json\/wp\/v2\/media\/265914"}],"wp:attachment":[{"href":"https:\/\/www.europesays.com\/ee\/wp-json\/wp\/v2\/media?parent=265913"}],"wp:term":[{"taxonomy":"category","embeddable":true,"href":"https:\/\/www.europesays.com\/ee\/wp-json\/wp\/v2\/categories?post=265913"},{"taxonomy":"post_tag","embeddable":true,"href":"https:\/\/www.europesays.com\/ee\/wp-json\/wp\/v2\/tags?post=265913"}],"curies":[{"name":"wp","href":"https:\/\/api.w.org\/{rel}","templated":true}]}}