{"id":265937,"date":"2026-09-01T16:25:16","date_gmt":"2026-09-01T16:25:16","guid":{"rendered":"https:\/\/www.europesays.com\/ee\/265937\/"},"modified":"2026-09-01T16:25:16","modified_gmt":"2026-09-01T16:25:16","slug":"ulikurb-uudis-sinjavski-jaoks-on-tanavune-hooaeg-vigastuse-tottu-loppenud-soccernet-ee","status":"publish","type":"post","link":"https:\/\/www.europesays.com\/ee\/265937\/","title":{"rendered":"\u00dclikurb uudis: Sinjavski jaoks on t\u00e4navune hooaeg vigastuse t\u00f5ttu l\u00f5ppenud &#8211; Soccernet.ee"},"content":{"rendered":"<p><img decoding=\"async\" src=\"https:\/\/www.europesays.com\/ee\/wp-content\/uploads\/2026\/09\/1786895294.jpg\" alt=\"Vlasi Sinjavski jaoks on hooaeg l\u00f5ppenud. Foto: Brit Maria Tael\"\/>&#13;\n<\/p>\n<p>T\u0161ehhi k\u00f5rgliigaklubi Ostrava Banik teatas, et Eesti meeste koondise \u00e4\u00e4rekaitsja Vlasi Sinjavski hooaeg on saanud kiire l\u00f5pu.<\/p>\n<p>T\u00e4navu jaanuaris Banikuga j\u00e4rgmiseks kolmeks aastaks k\u00e4ed l\u00f6\u00f6nud 29-aastane Sinjavski sai T\u0161ehhis v\u00e4ga kurva diagnoosi. Nimelt tuvastati tal p\u00f5lve ristatsideme rebend, mist\u00f5ttu j\u00e4\u00e4b eestlane kogu k\u00e4imasolevaks hooajaks k\u00f5rvaltvaatajaks.&#13;\n<\/p>\n<p>Sinjavski j\u00f5udis sel hooajal pidada vaid viis liigamat\u0161i, kus k\u00f5igis kuulus algkoosseisu ja neist kolmes sai kirja t\u00e4ism\u00e4ngu. Lisaks eestlasele sai viimases kohtumises Olomouci Sigma vastu vigastada Senegalist p\u00e4rit r\u00fcndaja\u00a0Abdallah Gning, keda oodatakse platsile tagasi alles kevadel.&#13;\n<\/p>\n<p>&#8220;Kahjuks on eesmine ristatside rebenenud. Seega tuleb Vlasil minna operatsioonile, millele j\u00e4rgneb kaheksa- kuni \u00fcheksakuuline taastumisperiood,&#8221; \u00fctles Baniku arst Martin Mohyla klubi pressiteenistuse vahendusel.<\/p>\n<blockquote class=\"twitter-tweet\"><p>&#13;<\/p>\n<p lang=\"cs\" dir=\"ltr\">Hodn\u011b s\u00edly, Vlasiy! \u270a<\/p>\n<p>\ud83d\udc49 <a href=\"https:\/\/t.co\/hrLvn6sIme\" rel=\"nofollow\">https:\/\/t.co\/hrLvn6sIme<\/a> <a href=\"https:\/\/t.co\/g2YyT2ZKHP\" rel=\"nofollow\">pic.twitter.com\/g2YyT2ZKHP<\/a>&#13;<br \/>\n\u2014 FC Ban\u00edk Ostrava (@fcbanikostrava) <a href=\"https:\/\/x.com\/fcbanikostrava\/status\/2094781965664719097?ref_src=twsrc%5Etfw\" rel=\"nofollow\">September 1, 2026<\/a><\/p>\n<\/blockquote>\n<p>          <script async src=\"https:\/\/platform.twitter.com\/widgets.js\" charset=\"utf-8\"><\/script><\/p>\n","protected":false},"excerpt":{"rendered":"&#13; T\u0161ehhi k\u00f5rgliigaklubi Ostrava Banik teatas, et Eesti meeste koondise \u00e4\u00e4rekaitsja Vlasi Sinjavski hooaeg on saanud kiire l\u00f5pu.&hellip;\n","protected":false},"author":2,"featured_media":265938,"comment_status":"","ping_status":"","sticky":false,"template":"","format":"standard","meta":{"footnotes":"","_share_on_mastodon":"0"},"categories":[18],"tags":[83186,32408,37,33,35,917,34,36,32413,5486,103201,1731,159,158,3242,1733],"class_list":["post-265937","post","type-post","status-publish","format-standard","has-post-thumbnail","category-sport","tag-acl","tag-banik","tag-ee","tag-eesti","tag-eesti-keel","tag-eestlased-voorsil","tag-estonia","tag-estonian","tag-ostrava-banik","tag-polvevigastus","tag-ristatside","tag-sinjavski","tag-sport","tag-sports","tag-vigastus","tag-vlasi-sinjavski"],"share_on_mastodon":{"url":"https:\/\/pubeurope.com\/@ee\/117196720068261497","error":""},"_links":{"self":[{"href":"https:\/\/www.europesays.com\/ee\/wp-json\/wp\/v2\/posts\/265937","targetHints":{"allow":["GET"]}}],"collection":[{"href":"https:\/\/www.europesays.com\/ee\/wp-json\/wp\/v2\/posts"}],"about":[{"href":"https:\/\/www.europesays.com\/ee\/wp-json\/wp\/v2\/types\/post"}],"author":[{"embeddable":true,"href":"https:\/\/www.europesays.com\/ee\/wp-json\/wp\/v2\/users\/2"}],"replies":[{"embeddable":true,"href":"https:\/\/www.europesays.com\/ee\/wp-json\/wp\/v2\/comments?post=265937"}],"version-history":[{"count":0,"href":"https:\/\/www.europesays.com\/ee\/wp-json\/wp\/v2\/posts\/265937\/revisions"}],"wp:featuredmedia":[{"embeddable":true,"href":"https:\/\/www.europesays.com\/ee\/wp-json\/wp\/v2\/media\/265938"}],"wp:attachment":[{"href":"https:\/\/www.europesays.com\/ee\/wp-json\/wp\/v2\/media?parent=265937"}],"wp:term":[{"taxonomy":"category","embeddable":true,"href":"https:\/\/www.europesays.com\/ee\/wp-json\/wp\/v2\/categories?post=265937"},{"taxonomy":"post_tag","embeddable":true,"href":"https:\/\/www.europesays.com\/ee\/wp-json\/wp\/v2\/tags?post=265937"}],"curies":[{"name":"wp","href":"https:\/\/api.w.org\/{rel}","templated":true}]}}