{"id":265943,"date":"2026-09-01T16:29:26","date_gmt":"2026-09-01T16:29:26","guid":{"rendered":"https:\/\/www.europesays.com\/ee\/265943\/"},"modified":"2026-09-01T16:29:26","modified_gmt":"2026-09-01T16:29:26","slug":"heiko-rannula-me-ei-leidnud-selles-aknas-uhist-hingamist-ega-uskunud-lopuni-sellesse-mida-teeme","status":"publish","type":"post","link":"https:\/\/www.europesays.com\/ee\/265943\/","title":{"rendered":"Heiko Rannula: me ei leidnud selles aknas \u00fchist hingamist ega uskunud l\u00f5puni sellesse, mida teeme"},"content":{"rendered":"<p>\n                Geir Pukk, Unibet Arena, 1. september 2026\n            <\/p>\n<p>Eesti korvpallikoondise peatreener Heiko Rannula tunnistas Soomelt MM-valikm\u00e4ngus saadud 67 : 96 kaotuse j\u00e4rel, et augustikuine koondiseaken oli eba\u00f5nnestumine.<\/p>\n<p data-block-id=\"HOVpCK81\">Eesti koondise m\u00e4ngus Soomega kujunes v\u00e4lja juba tuttavaks saanud muster. Avaveerandil m\u00e4ngiti kui v\u00f5rdne v\u00f5rdsega ning poolaja l\u00f5puks j\u00e4\u00e4di p\u00f5hjanaabritest maha vaid kolme punktiga. Riietusruumis naastes avanes aga hoopis teistsugune vaatepilt. Koondise m\u00e4ng varises t\u00e4iesti kokku ning probleemid tekkisid nii kaitses kui ka r\u00fcnnakul. Kolmanda veerandajaga k\u00e4rises kaotusseis 20 punktini ning m\u00e4ngu l\u00f5puks vaatas tabloolt vastu 29 punktiline koslep.<\/p>\n<p data-block-id=\"0jH8b1SC\">\u201eSelle akna muster on see, et esimese poolaja suutsime m\u00e4ngida, teisel lagunesime. \u00dctlen veelkord, et paberil meil potentsiaali on, aga t\u00e4na ei suutnud seda kokku panna ja v\u00e4ljakul meeskonda tekitada, et rasked hetked \u00fcle elada ja sealt v\u00f5idu peale m\u00e4ngida,\u201c v\u00f5ttis koondise peatreener Heiko Rannula pressikonverentsil kokku m\u00e4nguj\u00e4rgsed m\u00f5tted. .\u201eOn hetked mil n\u00e4itame, et v\u00f5ime k\u00f5igiga m\u00e4ngida, aga paraku kestab korvpallim\u00e4ng 40 minutit ja need v\u00e4ikesed hetked ei loe. Loeb l\u00f5pptulemus ja see aken oli eba\u00f5nnestumine.\u201c<\/p>\n","protected":false},"excerpt":{"rendered":"Geir Pukk, Unibet Arena, 1. september 2026 Eesti korvpallikoondise peatreener Heiko Rannula tunnistas Soomelt MM-valikm\u00e4ngus saadud 67 :&hellip;\n","protected":false},"author":2,"featured_media":265944,"comment_status":"","ping_status":"","sticky":false,"template":"","format":"standard","meta":{"footnotes":"","_share_on_mastodon":"0"},"categories":[5],"tags":[26,27,464,37,33,35,34,36,31,32,21,28,29,19,25,23,24,22,20,30],"class_list":["post-265943","post","type-post","status-publish","format-standard","has-post-thumbnail","category-uldised-uudised","tag-breaking-news","tag-breakingnews","tag-digileht-ohtuleht-ee","tag-ee","tag-eesti","tag-eesti-keel","tag-estonia","tag-estonian","tag-featured-news","tag-featurednews","tag-headlines","tag-latest-news","tag-latestnews","tag-news","tag-populaarseimad-lood","tag-top-stories","tag-topstories","tag-uldised-uudised","tag-uudised","tag-viimased-uudised"],"share_on_mastodon":{"url":"https:\/\/pubeurope.com\/@ee\/117196735464351063","error":""},"_links":{"self":[{"href":"https:\/\/www.europesays.com\/ee\/wp-json\/wp\/v2\/posts\/265943","targetHints":{"allow":["GET"]}}],"collection":[{"href":"https:\/\/www.europesays.com\/ee\/wp-json\/wp\/v2\/posts"}],"about":[{"href":"https:\/\/www.europesays.com\/ee\/wp-json\/wp\/v2\/types\/post"}],"author":[{"embeddable":true,"href":"https:\/\/www.europesays.com\/ee\/wp-json\/wp\/v2\/users\/2"}],"replies":[{"embeddable":true,"href":"https:\/\/www.europesays.com\/ee\/wp-json\/wp\/v2\/comments?post=265943"}],"version-history":[{"count":0,"href":"https:\/\/www.europesays.com\/ee\/wp-json\/wp\/v2\/posts\/265943\/revisions"}],"wp:featuredmedia":[{"embeddable":true,"href":"https:\/\/www.europesays.com\/ee\/wp-json\/wp\/v2\/media\/265944"}],"wp:attachment":[{"href":"https:\/\/www.europesays.com\/ee\/wp-json\/wp\/v2\/media?parent=265943"}],"wp:term":[{"taxonomy":"category","embeddable":true,"href":"https:\/\/www.europesays.com\/ee\/wp-json\/wp\/v2\/categories?post=265943"},{"taxonomy":"post_tag","embeddable":true,"href":"https:\/\/www.europesays.com\/ee\/wp-json\/wp\/v2\/tags?post=265943"}],"curies":[{"name":"wp","href":"https:\/\/api.w.org\/{rel}","templated":true}]}}