{"id":265947,"date":"2026-09-01T16:36:10","date_gmt":"2026-09-01T16:36:10","guid":{"rendered":"https:\/\/www.europesays.com\/ee\/265947\/"},"modified":"2026-09-01T16:36:10","modified_gmt":"2026-09-01T16:36:10","slug":"harukordne-juhtum-eesti-jalgpallis-%e2%9f%a9-kohtuniku-ranga-eksimuse-tottu-peetakse-mangu-lopuminutid-uuesti","status":"publish","type":"post","link":"https:\/\/www.europesays.com\/ee\/265947\/","title":{"rendered":"HARUKORDNE JUHTUM EESTI JALGPALLIS \u27e9 Kohtuniku r\u00e4nga eksimuse t\u00f5ttu peetakse m\u00e4ngu l\u00f5puminutid uuesti"},"content":{"rendered":"<p>Nimelt andis v\u00e4ljakukohtunik Kristjan Siilak m\u00e4ngu 88. minutil FC Elva m\u00e4ngijale Rasmus Lindm\u00e4ele kollase kaardi, mis oli tema jaoks kohtumises teine ning sellele oleks pidanud j\u00e4rgnema punane kaart ja jalgpalluri m\u00e4ngust eemaldamine. Paraku kohtunik eksis ega n\u00e4idanud punast kaarti. M\u00e4ng l\u00f5ppes Elva 1:0 v\u00f5iduga.<\/p>\n<p>\u00a0<\/p>\n<p>Jalgpalliliit otsustas nii Eesti kui ka rahvusvahelisele praktikale tuginedes, et m\u00e4ng peetakse uuesti alates eksimuse hetkest ehk 88. minutist.<\/p>\n<p>Olukord on harvaesinev, sest m\u00e4ngu saab jalgpallireeglite ja jalgpallimaailma praktika j\u00e4rgi tervenisti v\u00f5i osaliselt uuesti m\u00e4ngida ainult v\u00e4ga \u00fcksikutel juhtudel. \u00dcks neist on taoline olukord, kus tegemist on oluliselt m\u00e4nguk\u00e4iku m\u00f5jutava nii-\u00f6elda protseduurilise rikkumisega ehk rikkumisega, mis tuleneb otse m\u00e4ngureeglitest, mitte kohtuniku t\u00f5lgendusest v\u00f5i faktilisest otsusest.<\/p>\n<p>N\u00e4iteks on Eestis varem m\u00e4ngu osaliselt uuesti m\u00e4ngitud penaltiprotseduuri rikkumise t\u00f5ttu kolm ja pool aasta tagasi meeste saalijalgpalli liigas.<\/p>\n<p>FC N\u00f5mme United U21 ja FC Elva m\u00e4ngivad neljap\u00e4eval Tallinnas M\u00e4nniku staadionil kohtumise uuesti alates 88. minutist samast kohast ja momendist, kus kohtunik andis 30. augusti m\u00e4ngus FC Elva m\u00e4ngijale teise kollase kaardi.<\/p>\n<p>FC Elva m\u00e4ngija Rasmus Lindm\u00e4e ei osale uuesti m\u00e4ngitavas m\u00e4ngus ja on kohtumisest eemaldatud punase kaardiga, mis kantakse protokolli. Uuesti m\u00e4ngitud kohtumises on v\u00f5istkondade koosseisud, v\u00e4ravate arv, hoiatused, eemaldamised ja vahetuste arv on samad, mis 30. augustil toimunud m\u00e4ngus 88. minutil hetkel, kui kohtunik andis FC Elva m\u00e4ngijale teise kollase kaardi.<\/p>\n<p>Nimetatud hetkeks oli eelneva m\u00e4ngu p\u00f5hjal kohtunik lisanud m\u00e4ngu teisele poolajale kuus lisaminutit, mis on minimaalne lisaminutite arv uuesti m\u00e4ngitavas m\u00e4ngus.<\/p>\n","protected":false},"excerpt":{"rendered":"Nimelt andis v\u00e4ljakukohtunik Kristjan Siilak m\u00e4ngu 88. minutil FC Elva m\u00e4ngijale Rasmus Lindm\u00e4ele kollase kaardi, mis oli tema&hellip;\n","protected":false},"author":2,"featured_media":265948,"comment_status":"","ping_status":"","sticky":false,"template":"","format":"standard","meta":{"footnotes":"","_share_on_mastodon":"0"},"categories":[18],"tags":[37,33,58847,9387,35,34,36,3970,12955,77383,103202,76960,15573,103203,3889,159,158],"class_list":["post-265947","post","type-post","status-publish","format-standard","has-post-thumbnail","category-sport","tag-ee","tag-eesti","tag-eesti-esiliiga","tag-eesti-jalgpalliliit","tag-eesti-keel","tag-estonia","tag-estonian","tag-fc-elva","tag-fc-nomme-united-u21","tag-jalgpallireeglid","tag-kohtuniku-eksimus","tag-kollane-kaart","tag-manniku-staadion","tag-meeste-saalijalgpalli-liiga","tag-punane-kaart","tag-sport","tag-sports"],"share_on_mastodon":{"url":"https:\/\/pubeurope.com\/@ee\/117196762990201787","error":""},"_links":{"self":[{"href":"https:\/\/www.europesays.com\/ee\/wp-json\/wp\/v2\/posts\/265947","targetHints":{"allow":["GET"]}}],"collection":[{"href":"https:\/\/www.europesays.com\/ee\/wp-json\/wp\/v2\/posts"}],"about":[{"href":"https:\/\/www.europesays.com\/ee\/wp-json\/wp\/v2\/types\/post"}],"author":[{"embeddable":true,"href":"https:\/\/www.europesays.com\/ee\/wp-json\/wp\/v2\/users\/2"}],"replies":[{"embeddable":true,"href":"https:\/\/www.europesays.com\/ee\/wp-json\/wp\/v2\/comments?post=265947"}],"version-history":[{"count":0,"href":"https:\/\/www.europesays.com\/ee\/wp-json\/wp\/v2\/posts\/265947\/revisions"}],"wp:featuredmedia":[{"embeddable":true,"href":"https:\/\/www.europesays.com\/ee\/wp-json\/wp\/v2\/media\/265948"}],"wp:attachment":[{"href":"https:\/\/www.europesays.com\/ee\/wp-json\/wp\/v2\/media?parent=265947"}],"wp:term":[{"taxonomy":"category","embeddable":true,"href":"https:\/\/www.europesays.com\/ee\/wp-json\/wp\/v2\/categories?post=265947"},{"taxonomy":"post_tag","embeddable":true,"href":"https:\/\/www.europesays.com\/ee\/wp-json\/wp\/v2\/tags?post=265947"}],"curies":[{"name":"wp","href":"https:\/\/api.w.org\/{rel}","templated":true}]}}