{"id":265957,"date":"2026-09-01T16:49:26","date_gmt":"2026-09-01T16:49:26","guid":{"rendered":"https:\/\/www.europesays.com\/ee\/265957\/"},"modified":"2026-09-01T16:49:26","modified_gmt":"2026-09-01T16:49:26","slug":"poola-droonitehases-puhkes-tulekahju-kahtlustatakse-sabotaazi","status":"publish","type":"post","link":"https:\/\/www.europesays.com\/ee\/265957\/","title":{"rendered":"Poola droonitehases puhkes tulekahju &#8211; kahtlustatakse sabotaa\u017ei"},"content":{"rendered":"<p>              <a href=\"https:\/\/lounaeestlane.ee\/wp-content\/uploads\/2026\/08\/poola-droonitehase.jpg\" rel=\"lightbox nofollow noopener\" target=\"_blank\"><img loading=\"lazy\" width=\"310\" height=\"161\" src=\"https:\/\/www.europesays.com\/ee\/wp-content\/uploads\/2026\/09\/poola-droonitehase-768x399.jpg\" class=\"attachment-medium_large size-medium_large wp-post-image\" alt=\"\" decoding=\"async\"  \/><\/a><br \/>\n              Droonitehase p\u00f5leng Poolas. Kuvat\u00f5mmis.            <\/p>\n<p>\u00d6\u00f6l vastu t\u00e4nast esmasp\u00e4eva, 31. augustit puhkes tulekahju Skar\u017cysko-Kamiennas asuvas WB Electronicsi tehases. Tulekahju sai alguse kella 00.23 paiku. Veidi hiljem teavitas v\u00e4lise turvafirma operaator politseid, et objektil on k\u00e4ivitunud valvesignalisatsioon. Lisaks j\u00e4\u00e4dvustas turvakaamera tundmatu isiku, kes sisenes n\u00e4omaski kandes \u00fcle aia ronides WB Electronicsi territooriumile.<\/p>\n<p>Hoone l\u00e4hedusest leiti seljakott ja pusa ning s\u00fcndmuskohale saadeti politseinikud, teenistuskoer koos juhiga ja termokaameraga varustatud droon. Samuti teavitati asjaomaseid eriteenistusi, sealhulgas sisejulgeolekuametit (ABW) ja s\u00f5jav\u00e4elist vastuluureteenistust (SKW). V\u00f5imud ei v\u00e4lista s\u00fc\u00fctamise v\u00f5imalust, vahendab <a href=\"https:\/\/wiadomosci.onet.pl\/kielce\/pozar-w-skarzysku-kamiennej-zaklad-produkuje-drony\/t4pyngz\" rel=\"nofollow noopener\" target=\"_blank\">onet.pl<\/a>.<\/p>\n<p>Skar\u017cysko-Kamienna riikliku tulet\u00f5rjeameti piirkondliku staabi nooremkapten Rafa\u0142 Maciejczak \u00fctles v\u00e4ljaandele Fakt, et tegemist ei olnud suure tulekahjuga ning kustutust\u00f6\u00f6d ise kestsid umbes kaks tundi. P\u00e4\u00e4stemeeskonnad l\u00fclitasid elektri v\u00e4lja, kustutasid tulekahju ja eemaldasid hoonest suitsu.<\/p>\n<p>Politsei uurib juhtunut. Skar\u017cysko-Kamienna piirkonna politseijaoskonna vanemvolinik Anna S\u0142awi\u0144ska \u00fctles, et tulekahju puhkemise ajal oli hoone suletud ning keegi viga ei saanud.<\/p>\n<p>\u015awi\u0119tokrzyskie politsei teatas, et juhtum puudutas ehitist, mis asus elektroonikakomponente hoiustava lao l\u00e4hedal. P\u00e4rast tulekahju kustutamist piirasid korrakaitsjad s\u00fcndmuskoha \u00fcmber ja alustasid p\u00f5hjalikku uurimist, et selgitada v\u00e4lja k\u00f5ik juhtunuga seotud asjaolud. Operatiivtegevust juhib Skar\u017cysko-Kamienna piirkonna prokuratuur.<\/p>\n<p>P\u00e4rast p\u00e4\u00e4stjate ja politsei esmast sekkumist saabusid s\u00fcndmuskohale Sisejulgeoleku Agentuuri (ABW) t\u00f6\u00f6tajad. \u201eEriteenistuste t\u00f6\u00f6tajad viivad selliste tulekahjude puhul l\u00e4bi vastavaid toiminguid. Me suhtume asjasse \u00e4\u00e4rmise t\u00f5sidusega ega pisenda selle t\u00e4htsust,\u201d \u00fctles eriteenistusi koordineeriva ministri pressiesindaja Jacek Dobrzy\u0144ski telekanalile TVN24.<\/p>\n<p>\u201eHoiatame selle juhtumiga seotud teatud t\u00fc\u00fcpi desinformatsiooni eest. ABW t\u00f6\u00f6tajad teevad t\u00f6\u00f6d, et t\u00e4pselt v\u00e4lja selgitada, kas tegemist v\u00f5ib olla sabotaa\u017eiga,\u201d lisas ta.<\/p>\n<p>WB Electronics on Poola suurim era\u00f5iguslik kaitset\u00f6\u00f6stusettev\u00f5te. See valmistab komponente ja s\u00fcsteeme droonidele, mida kasutavad Poola ja Ukraina relvaj\u00f5ud. Skar\u017cysko tehases toodetakse mehitamata \u00f5hus\u00f5idukite komposiitkonstruktsioone ja juhtimiss\u00fcsteeme.<\/p>\n<blockquote class=\"twitter-tweet\">\n<p dir=\"ltr\" lang=\"it\">\u2757\ufe0f\ud83c\uddf5\ud83c\uddf1\ud83d\udd25 Ieri sera \u00e8 scoppiato un incendio in uno stabilimento della societ\u00e0 WB Electronics a Skarzysko-Kamienna, in Polonia. L\u2019impianto produce droni da ricognizione FlyEye, materiali compositi strutturali e munizioni a guida autonoma Warmate per le forze armate ucraine.<br \/>1\/4 <a href=\"https:\/\/t.co\/setgECBCTI\" rel=\"nofollow\">pic.twitter.com\/setgECBCTI<\/a><\/p>\n<p>\u2014 Lukyluke31 (@Lukyluke311) <a href=\"https:\/\/x.com\/Lukyluke311\/status\/2094496195645247833?ref_src=twsrc%5Etfw\" rel=\"nofollow\">August 31, 2026<\/a><\/p>\n<\/blockquote>\n<blockquote class=\"twitter-tweet\">\n<p dir=\"ltr\" lang=\"pl\">Wyja\u015bniamy okoliczno\u015bci nocnego po\u017caru, do kt\u00f3rego dosz\u0142o na terenie prywatnej firmy w Skar\u017cysku-Kamiennej.<\/p>\n<p>Dzisiaj, oko\u0142o p\u00f3\u0142nocy, operator firmy ochroniarskiej powiadomi\u0142 s\u0142u\u017cby o uruchomieniu czujki antyw\u0142amaniowej na terenie jednej z prywatnych firm. Zg\u0142oszenie dotyczy\u0142o\u2026<\/p>\n<p>\u2014 \u015awi\u0119tokrzyskaPolicja (@SPolicja) <a href=\"https:\/\/x.com\/SPolicja\/status\/2094339282068504825?ref_src=twsrc%5Etfw\" rel=\"nofollow\">August 31, 2026<\/a><\/p>\n<\/blockquote>\n<p>\n\tSamal teemal\n<\/p>\n<p>          <script async src=\"https:\/\/platform.twitter.com\/widgets.js\" charset=\"utf-8\"><\/script><\/p>\n","protected":false},"excerpt":{"rendered":"Droonitehase p\u00f5leng Poolas. Kuvat\u00f5mmis. \u00d6\u00f6l vastu t\u00e4nast esmasp\u00e4eva, 31. augustit puhkes tulekahju Skar\u017cysko-Kamiennas asuvas WB Electronicsi tehases. Tulekahju&hellip;\n","protected":false},"author":2,"featured_media":265958,"comment_status":"","ping_status":"","sticky":false,"template":"","format":"standard","meta":{"footnotes":"","_share_on_mastodon":"0"},"categories":[80],"tags":[26,27,37,33,35,34,36,31,32,21,28,29,95,19,25,23,24,22,20,30,92,93,94],"class_list":["post-265957","post","type-post","status-publish","format-standard","has-post-thumbnail","category-maailm","tag-breaking-news","tag-breakingnews","tag-ee","tag-eesti","tag-eesti-keel","tag-estonia","tag-estonian","tag-featured-news","tag-featurednews","tag-headlines","tag-latest-news","tag-latestnews","tag-maailm","tag-news","tag-populaarseimad-lood","tag-top-stories","tag-topstories","tag-uldised-uudised","tag-uudised","tag-viimased-uudised","tag-world","tag-world-news","tag-worldnews"],"share_on_mastodon":{"url":"https:\/\/pubeurope.com\/@ee\/117196814538104488","error":""},"_links":{"self":[{"href":"https:\/\/www.europesays.com\/ee\/wp-json\/wp\/v2\/posts\/265957","targetHints":{"allow":["GET"]}}],"collection":[{"href":"https:\/\/www.europesays.com\/ee\/wp-json\/wp\/v2\/posts"}],"about":[{"href":"https:\/\/www.europesays.com\/ee\/wp-json\/wp\/v2\/types\/post"}],"author":[{"embeddable":true,"href":"https:\/\/www.europesays.com\/ee\/wp-json\/wp\/v2\/users\/2"}],"replies":[{"embeddable":true,"href":"https:\/\/www.europesays.com\/ee\/wp-json\/wp\/v2\/comments?post=265957"}],"version-history":[{"count":0,"href":"https:\/\/www.europesays.com\/ee\/wp-json\/wp\/v2\/posts\/265957\/revisions"}],"wp:featuredmedia":[{"embeddable":true,"href":"https:\/\/www.europesays.com\/ee\/wp-json\/wp\/v2\/media\/265958"}],"wp:attachment":[{"href":"https:\/\/www.europesays.com\/ee\/wp-json\/wp\/v2\/media?parent=265957"}],"wp:term":[{"taxonomy":"category","embeddable":true,"href":"https:\/\/www.europesays.com\/ee\/wp-json\/wp\/v2\/categories?post=265957"},{"taxonomy":"post_tag","embeddable":true,"href":"https:\/\/www.europesays.com\/ee\/wp-json\/wp\/v2\/tags?post=265957"}],"curies":[{"name":"wp","href":"https:\/\/api.w.org\/{rel}","templated":true}]}}