{"id":265961,"date":"2026-09-01T17:01:37","date_gmt":"2026-09-01T17:01:37","guid":{"rendered":"https:\/\/www.europesays.com\/ee\/265961\/"},"modified":"2026-09-01T17:01:37","modified_gmt":"2026-09-01T17:01:37","slug":"kahtlusalune-tabati-sveitsi-muusikapeol-toimunud-tulistamises-hukkus-noor-naine","status":"publish","type":"post","link":"https:\/\/www.europesays.com\/ee\/265961\/","title":{"rendered":"KAHTLUSALUNE TABATI: \u0160veitsi muusikapeol toimunud tulistamises hukkus noor naine"},"content":{"rendered":"<p>Tulistamine algas vahetult p\u00e4rast kella 2.30, kui muusikaline osa oli juba l\u00f5ppenud. \u00dcks pealtn\u00e4gija r\u00e4\u00e4kis Reutersile, et pidas esimesi laske ilutulestikuks. Peolised otsisid varju DJ-puldi ja muude suuremate esemete taga. Tunnistajate s\u00f5nul peitis 22aastane Itaalia kodanik end k\u00fclmkapi taha, kuid teda tulistati selga. Naist p\u00fc\u00fcti elustada, kuid ta suri s\u00fcndmuskohal. Nii tema kui ka viis haavatut elasid \u0160veitsis ja olid k\u00f5ik 20. eluaastates.<\/p>\n<p>Politsei ei tea veel, kas r\u00fcndajaid oli \u00fcks v\u00f5i mitu. Samuti pole selge, kas nad p\u00f5genesid autoga v\u00f5i jalgsi. Selgunud pole ka r\u00fcnnaku motiivi. Relvastatud politseinikud piirasid Aaraus liikumist ning patrullisid ka linna \u00fcmbruses. V\u00e4idetavalt on v\u00f5imud leidnud m\u00e4rke, et tulistaja v\u00f5i tulistajad lahkusid kiirelt s\u00fcndmuskoha vahetust l\u00e4hedusest. Viimastel andmetel vahistasid v\u00f5imud 43aastase \u0160veitsi mehe.<\/p>\n<p>Uurijad palusid peol viibinutel saata neile juhtunust tehtud fotosid ja videoid. Iga-aastase tantsumuusika peo korraldajad \u00fctlesid, et on juhtunust \u0161okeeritud. Nende s\u00f5nul peaks reiv olema r\u00f5\u00f5mu ja armastuse koht, mitte paik, kus inimesed tunnevad hirmu v\u00f5i kus neid \u00e4hvardab suisa surm.<\/p>\n<p>Kuigi \u0160veitsis on relvaseadused \u00fclej\u00e4\u00e4nud Euroopaga v\u00f5rreldes \u00fcsna leebed, pole v\u00e4givaldsed avalikud tulistamised seal sagedased. Viimati karmistas riik relvakontrolli reegleid 2019. aastal.<\/p>\n","protected":false},"excerpt":{"rendered":"Tulistamine algas vahetult p\u00e4rast kella 2.30, kui muusikaline osa oli juba l\u00f5ppenud. \u00dcks pealtn\u00e4gija r\u00e4\u00e4kis Reutersile, et pidas&hellip;\n","protected":false},"author":2,"featured_media":265962,"comment_status":"","ping_status":"","sticky":false,"template":"","format":"standard","meta":{"footnotes":"","_share_on_mastodon":"0"},"categories":[80],"tags":[26,27,37,33,35,34,36,31,32,21,28,29,95,19,25,23,24,22,20,30,92,93,94],"class_list":["post-265961","post","type-post","status-publish","format-standard","has-post-thumbnail","category-maailm","tag-breaking-news","tag-breakingnews","tag-ee","tag-eesti","tag-eesti-keel","tag-estonia","tag-estonian","tag-featured-news","tag-featurednews","tag-headlines","tag-latest-news","tag-latestnews","tag-maailm","tag-news","tag-populaarseimad-lood","tag-top-stories","tag-topstories","tag-uldised-uudised","tag-uudised","tag-viimased-uudised","tag-world","tag-world-news","tag-worldnews"],"share_on_mastodon":{"url":"https:\/\/pubeurope.com\/@ee\/117196861589154702","error":""},"_links":{"self":[{"href":"https:\/\/www.europesays.com\/ee\/wp-json\/wp\/v2\/posts\/265961","targetHints":{"allow":["GET"]}}],"collection":[{"href":"https:\/\/www.europesays.com\/ee\/wp-json\/wp\/v2\/posts"}],"about":[{"href":"https:\/\/www.europesays.com\/ee\/wp-json\/wp\/v2\/types\/post"}],"author":[{"embeddable":true,"href":"https:\/\/www.europesays.com\/ee\/wp-json\/wp\/v2\/users\/2"}],"replies":[{"embeddable":true,"href":"https:\/\/www.europesays.com\/ee\/wp-json\/wp\/v2\/comments?post=265961"}],"version-history":[{"count":0,"href":"https:\/\/www.europesays.com\/ee\/wp-json\/wp\/v2\/posts\/265961\/revisions"}],"wp:featuredmedia":[{"embeddable":true,"href":"https:\/\/www.europesays.com\/ee\/wp-json\/wp\/v2\/media\/265962"}],"wp:attachment":[{"href":"https:\/\/www.europesays.com\/ee\/wp-json\/wp\/v2\/media?parent=265961"}],"wp:term":[{"taxonomy":"category","embeddable":true,"href":"https:\/\/www.europesays.com\/ee\/wp-json\/wp\/v2\/categories?post=265961"},{"taxonomy":"post_tag","embeddable":true,"href":"https:\/\/www.europesays.com\/ee\/wp-json\/wp\/v2\/tags?post=265961"}],"curies":[{"name":"wp","href":"https:\/\/api.w.org\/{rel}","templated":true}]}}