{"id":265963,"date":"2026-09-01T17:02:14","date_gmt":"2026-09-01T17:02:14","guid":{"rendered":"https:\/\/www.europesays.com\/ee\/265963\/"},"modified":"2026-09-01T17:02:14","modified_gmt":"2026-09-01T17:02:14","slug":"vikerhommik-kirke-ert-ja-taavi-libe-vikerraadio-115","status":"publish","type":"post","link":"https:\/\/www.europesays.com\/ee\/265963\/","title":{"rendered":"Vikerhommik. Kirke Ert ja Taavi Libe | Vikerraadio"},"content":{"rendered":"<p><img decoding=\"async\" src=\"https:\/\/www.europesays.com\/ee\/wp-content\/uploads\/2026\/09\/1788282134_825_1548193h2c9bt72.jpg\" alt=\"\"\/><\/p>\n<p>Kirke Ert ja Taavi Libe Autor\/allikas: Ken M\u00fcrk\/Kristjan Lepp\t\t\t\t<\/p>\n<p>Parlament koguneb t\u00e4na Eesti Vabariigile uut presidenti valima, 75 Riigikogu liiget esitas 24. augustil \u00dclle Madise Vabariigi Presidendi kandidaadiks riigikogu esimesse h\u00e4\u00e4letusvooru. Politoloog T\u00f5nis Leht on &#8220;Vikerhommikus&#8221; kell 7.35.<\/p>\n<p>Nepali ja Tiibeti piirialal toimunud looduskatastroofi seost kliimamuutustega alles uuritakse. Teadlaste hinnangul v\u00f5is siiski olulist rolli m\u00e4ngida igikeltsa sulamine, mis n\u00f5rgestab m\u00e4en\u00f5lvade ja liustike stabiilsust. Kliimateadlane Velle Toll jagab selgitusi kell 8.15.<\/p>\n<p>Hispaania meedia uudiseid vahendab Epp Ehand.<\/p>\n<p>P\u00f5hja-Eesti Regionaalhaigla traumakeskuse operatsioonikeskuse juhataja dr Markko P\u00e4rtelpoeg on aastaid olnud P\u00e4rdi P\u00e4evade vabatahtlik. Nii ka sellel aastal. Mis teda P\u00e4rdi muusika ja vabatahtliku t\u00f6\u00f6 juures v\u00f5lub, k\u00fcsime kell 9.15.<\/p>\n<p>Saatejuhid on Kirke Ert ja Taavi Libe.<br \/>Saate toimetaja on Liis Seljamaa. Kontakt: <a href=\"https:\/\/vikerraadio.err.ee\/1610114792\/mailto:liis.seljamaa@err.ee\" target=\"_blank\" rel=\"noopener nofollow\">liis.seljamaa@err.ee.<\/a> <\/p>\n<p>\u00d5NNESOOVIDE kohta loe l\u00e4hemalt <a href=\"https:\/\/vikerraadio.err.ee\/689033\/vikerraadiost\" target=\"_blank\" rel=\"noopener nofollow\">siit<\/a>.<\/p>\n","protected":false},"excerpt":{"rendered":"Kirke Ert ja Taavi Libe Autor\/allikas: Ken M\u00fcrk\/Kristjan Lepp Parlament koguneb t\u00e4na Eesti Vabariigile uut presidenti valima, 75&hellip;\n","protected":false},"author":2,"featured_media":265964,"comment_status":"","ping_status":"","sticky":false,"template":"","format":"standard","meta":{"footnotes":"","_share_on_mastodon":"0"},"categories":[12],"tags":[26,27,37,33,35,34,36,31,32,21,28,29,19,25,23,24,22,20,30],"class_list":["post-265963","post","type-post","status-publish","format-standard","has-post-thumbnail","category-eesti","tag-breaking-news","tag-breakingnews","tag-ee","tag-eesti","tag-eesti-keel","tag-estonia","tag-estonian","tag-featured-news","tag-featurednews","tag-headlines","tag-latest-news","tag-latestnews","tag-news","tag-populaarseimad-lood","tag-top-stories","tag-topstories","tag-uldised-uudised","tag-uudised","tag-viimased-uudised"],"share_on_mastodon":{"url":"https:\/\/pubeurope.com\/@ee\/117196865683721401","error":""},"_links":{"self":[{"href":"https:\/\/www.europesays.com\/ee\/wp-json\/wp\/v2\/posts\/265963","targetHints":{"allow":["GET"]}}],"collection":[{"href":"https:\/\/www.europesays.com\/ee\/wp-json\/wp\/v2\/posts"}],"about":[{"href":"https:\/\/www.europesays.com\/ee\/wp-json\/wp\/v2\/types\/post"}],"author":[{"embeddable":true,"href":"https:\/\/www.europesays.com\/ee\/wp-json\/wp\/v2\/users\/2"}],"replies":[{"embeddable":true,"href":"https:\/\/www.europesays.com\/ee\/wp-json\/wp\/v2\/comments?post=265963"}],"version-history":[{"count":0,"href":"https:\/\/www.europesays.com\/ee\/wp-json\/wp\/v2\/posts\/265963\/revisions"}],"wp:featuredmedia":[{"embeddable":true,"href":"https:\/\/www.europesays.com\/ee\/wp-json\/wp\/v2\/media\/265964"}],"wp:attachment":[{"href":"https:\/\/www.europesays.com\/ee\/wp-json\/wp\/v2\/media?parent=265963"}],"wp:term":[{"taxonomy":"category","embeddable":true,"href":"https:\/\/www.europesays.com\/ee\/wp-json\/wp\/v2\/categories?post=265963"},{"taxonomy":"post_tag","embeddable":true,"href":"https:\/\/www.europesays.com\/ee\/wp-json\/wp\/v2\/tags?post=265963"}],"curies":[{"name":"wp","href":"https:\/\/api.w.org\/{rel}","templated":true}]}}