{"id":265965,"date":"2026-09-01T17:12:11","date_gmt":"2026-09-01T17:12:11","guid":{"rendered":"https:\/\/www.europesays.com\/ee\/265965\/"},"modified":"2026-09-01T17:12:11","modified_gmt":"2026-09-01T17:12:11","slug":"saksamaa-venemaa-vastutab-leipzigi-lennujaama-droonirunnaku-eest","status":"publish","type":"post","link":"https:\/\/www.europesays.com\/ee\/265965\/","title":{"rendered":"Saksamaa: Venemaa vastutab Leipzigi lennujaama droonir\u00fcnnaku eest"},"content":{"rendered":"<p>Saksamaa siseminister Alexander Dobrindt teatas, et Leipzigi lennujaama r\u00fcnnak j\u00e4rgis Venemaa h\u00fcbriidoperatsioonidest ja Ukraina-vastasest s\u00f5jast v\u00e4ljakujunenud mustreid. \u201eSeet\u00f5ttu on Saksamaa valitsus j\u00f5udnud j\u00e4reldusele, et Venemaa vastutab 4. augustil Leipzigis toimunud h\u00fcbriidr\u00fcnnaku eest,\u201c \u00fctles ta ajakirjanikele.<\/p>\n<p>\u00dchisel pressikonverentsil Dobrindtiga teatas v\u00e4lisminister Johann Wadephul, et riik v\u00f5tab Venemaa vastu diplomaatilisi meetmeid. Ta on k\u00e4skinud sulgeda Venemaa konsulaadi Bonnis ja Vene Maja Berliinis. Viimane on kultuuriasutus, mida kahtlustuste kohaselt kasutatakse spionaa\u017eiks ja Venemaa propaganda levitamiseks. <\/p>\n<p>Samuti kavatsevad Saksamaa v\u00f5imud tugevdada riiki sisenevate venelaste kontrollimist ja karmistada meetmeid Venemaa varilaevastiku vastu.<\/p>\n<p>Saksamaa on \u00fcks mitmest <a rel=\"noopener nofollow\" target=\"_blank\" href=\"https:\/\/www.delfi.ee\/teema\/24581263\/nato\" tag-id=\"24581263\">NATO<\/a> liikmesriigist, mis on viimase aasta jooksul teatanud droonide n\u00e4gemisest lennujaamades, s\u00f5jav\u00e4e- ja t\u00f6\u00f6stusobjektidel. NATO peasekret\u00e4r <a rel=\"noopener nofollow\" target=\"_blank\" href=\"https:\/\/www.delfi.ee\/teema\/64958786\/mark-rutte\" tag-id=\"64958786\">Mark Rutte<\/a> tervitas Saksamaa uusi meetmeid, kinnitades alliansi solidaarsust.<\/p>\n<p>\u201eVenemaa katsed meid hirmutada, \u00f5\u00f5nestada meie \u00fchtsust ja valmisolekut toetada Ukrainat on t\u00fchised ja eba\u00f5nnestuvad. Meie toetus Ukrainale on k\u00f5ikumatu, nagu ka meie raudne p\u00fchendumus NATO kollektiivkaitsele,\u201c kirjutas Rutte sotsiaalmeedias.<\/p>\n<p>Augusti alguses aset leidnud juhtum p\u00f5hjustas suuri h\u00e4ireid ja tekitas julgeolekuprobleeme kogu Euroopas. R\u00fcnnakukatses osales kolm drooni, millest kaks sisaldasid l\u00f5hkeainet. \u00dcks l\u00f5hkeainet sisaldanud droon leiti Ukraina Antonovi lennuki l\u00e4hedalt, mida kasutati laskemoona transportimiseks.<\/p>\n<p>Kuidas see lugu Sind end tundma pani?Saada<a href=\"https:\/\/www.delfi.ee\/artikkel\/120607694\/saksamaa-venemaa-vastutab-leipzigi-lennujaama-droonirunnaku-eest\/kommentaarid\" class=\"button button--primary button--size-auto article-body-bottom__comment article-body-bottom__comment--write\" style=\"\" rel=\"nofollow noopener\" target=\"_blank\">Kommenteeri<\/a><a href=\"https:\/\/www.delfi.ee\/artikkel\/120607694\/saksamaa-venemaa-vastutab-leipzigi-lennujaama-droonirunnaku-eest\/kommentaarid\" class=\"button button--size-auto article-body-bottom__comment article-body-bottom__comment--read\" style=\"\" rel=\"nofollow noopener\" target=\"_blank\">Loe kommentaare (18)<\/a><\/p>\n","protected":false},"excerpt":{"rendered":"Saksamaa siseminister Alexander Dobrindt teatas, et Leipzigi lennujaama r\u00fcnnak j\u00e4rgis Venemaa h\u00fcbriidoperatsioonidest ja Ukraina-vastasest s\u00f5jast v\u00e4ljakujunenud mustreid. \u201eSeet\u00f5ttu&hellip;\n","protected":false},"author":2,"featured_media":265966,"comment_status":"","ping_status":"","sticky":false,"template":"","format":"standard","meta":{"footnotes":"","_share_on_mastodon":"0"},"categories":[80],"tags":[26,27,884,37,33,35,34,36,31,32,21,28,29,1160,95,3614,54,19,25,51,23,24,22,20,96,30,92,93,94],"class_list":["post-265965","post","type-post","status-publish","format-standard","has-post-thumbnail","category-maailm","tag-breaking-news","tag-breakingnews","tag-droonirunnak","tag-ee","tag-eesti","tag-eesti-keel","tag-estonia","tag-estonian","tag-featured-news","tag-featurednews","tag-headlines","tag-latest-news","tag-latestnews","tag-leipzig","tag-maailm","tag-mark-rutte","tag-nato","tag-news","tag-populaarseimad-lood","tag-saksamaa","tag-top-stories","tag-topstories","tag-uldised-uudised","tag-uudised","tag-venemaa","tag-viimased-uudised","tag-world","tag-world-news","tag-worldnews"],"share_on_mastodon":{"url":"https:\/\/pubeurope.com\/@ee\/117196904436418616","error":""},"_links":{"self":[{"href":"https:\/\/www.europesays.com\/ee\/wp-json\/wp\/v2\/posts\/265965","targetHints":{"allow":["GET"]}}],"collection":[{"href":"https:\/\/www.europesays.com\/ee\/wp-json\/wp\/v2\/posts"}],"about":[{"href":"https:\/\/www.europesays.com\/ee\/wp-json\/wp\/v2\/types\/post"}],"author":[{"embeddable":true,"href":"https:\/\/www.europesays.com\/ee\/wp-json\/wp\/v2\/users\/2"}],"replies":[{"embeddable":true,"href":"https:\/\/www.europesays.com\/ee\/wp-json\/wp\/v2\/comments?post=265965"}],"version-history":[{"count":0,"href":"https:\/\/www.europesays.com\/ee\/wp-json\/wp\/v2\/posts\/265965\/revisions"}],"wp:featuredmedia":[{"embeddable":true,"href":"https:\/\/www.europesays.com\/ee\/wp-json\/wp\/v2\/media\/265966"}],"wp:attachment":[{"href":"https:\/\/www.europesays.com\/ee\/wp-json\/wp\/v2\/media?parent=265965"}],"wp:term":[{"taxonomy":"category","embeddable":true,"href":"https:\/\/www.europesays.com\/ee\/wp-json\/wp\/v2\/categories?post=265965"},{"taxonomy":"post_tag","embeddable":true,"href":"https:\/\/www.europesays.com\/ee\/wp-json\/wp\/v2\/tags?post=265965"}],"curies":[{"name":"wp","href":"https:\/\/api.w.org\/{rel}","templated":true}]}}