{"id":265967,"date":"2026-09-01T17:13:13","date_gmt":"2026-09-01T17:13:13","guid":{"rendered":"https:\/\/www.europesays.com\/ee\/265967\/"},"modified":"2026-09-01T17:13:13","modified_gmt":"2026-09-01T17:13:13","slug":"riigikantselei-lukkab-umber-uhismeedias-levivad-vaited-siim-kallase-matuste-kohta","status":"publish","type":"post","link":"https:\/\/www.europesays.com\/ee\/265967\/","title":{"rendered":"Riigikantselei l\u00fckkab \u00fcmber \u00fchismeedias levivad v\u00e4ited Siim Kallase matuste kohta"},"content":{"rendered":"<p>\u00dcks \u00fchismeedia konto v\u00e4idab, et Siim Kallase matustega seotud riiklik korraldus l\u00e4ks maksma hinnanguliselt 3,1 miljonit eurot, kuid postituses ei t\u00e4psustata, millistele andmetele summa tugineb. <\/p>\n<p>Samuti heidetakse riigikantseleile ette matustega seotud kulude avalikustamata j\u00e4tmist ning v\u00e4idetakse, et Kallas maeti kullast kirstus.<\/p>\n<p>Viimase kahe p\u00e4eva jooksul on sama konto kirjutanud Kallase matustest kolmel korral.<\/p>\n<p>Riigikantselei: need v\u00e4ited ei vasta t\u00f5ele<\/p>\n<p>Riigikantselei s\u00fcmboolikan\u00f5unik ja Siim Kallase matusetoimkonna liige Gert Uiboaed s\u00f5nas Delfile, et <a rel=\"noopener nofollow\" target=\"_blank\" href=\"https:\/\/www.delfi.ee\/teema\/23946955\/sotsiaalmeedia\" tag-id=\"23946955\">sotsiaalmeedias<\/a> levivad v\u00e4ited Siim Kallase v\u00e4idetavast \u201ekuldsest kirstust\u201c ja tema riiklike matuste 3,1 miljoni euro suurusest maksumusest ei vasta t\u00f5ele.<\/p>\n<p>\u201eSiim Kallas saadeti traditsiooni kohaselt viimsele teele Eesti rahvuspuust \u2013 tammest \u2013 valmistatud sargas,\u201c m\u00e4rkis Uiboaed. \u201eTegemist ei olnud kullast ega kullatud sargaga.\u201c<\/p>\n<p>\u201eSamuti ei vasta t\u00f5ele v\u00e4ide, et Siim Kallase riiklikud matused l\u00e4ksid maksma 3,1 miljonit eurot,\u201c s\u00f5nas ta. \u201eMatustega seotud l\u00f5plikud kulud ei ole veel kokku arvestatud, sest k\u00f5ik arved ei ole riigikantseleile laekunud. Seet\u00f5ttu ei ole praegu v\u00f5imalik matuste maksumust \u00f6elda.\u201c<\/p>\n<p>Kuidas see lugu Sind end tundma pani?Saada<\/p>\n","protected":false},"excerpt":{"rendered":"\u00dcks \u00fchismeedia konto v\u00e4idab, et Siim Kallase matustega seotud riiklik korraldus l\u00e4ks maksma hinnanguliselt 3,1 miljonit eurot, kuid&hellip;\n","protected":false},"author":2,"featured_media":265968,"comment_status":"","ping_status":"","sticky":false,"template":"","format":"standard","meta":{"footnotes":"","_share_on_mastodon":"0"},"categories":[12],"tags":[26,27,37,33,35,34,36,31,32,21,28,29,46057,19,25,6750,1635,397,23,24,22,20,30],"class_list":["post-265967","post","type-post","status-publish","format-standard","has-post-thumbnail","category-eesti","tag-breaking-news","tag-breakingnews","tag-ee","tag-eesti","tag-eesti-keel","tag-estonia","tag-estonian","tag-featured-news","tag-featurednews","tag-headlines","tag-latest-news","tag-latestnews","tag-matusekulud","tag-news","tag-populaarseimad-lood","tag-riigikantselei","tag-siim-kallas","tag-sotsiaalmeedia","tag-top-stories","tag-topstories","tag-uldised-uudised","tag-uudised","tag-viimased-uudised"],"share_on_mastodon":{"url":"https:\/\/pubeurope.com\/@ee\/117196908473957672","error":""},"_links":{"self":[{"href":"https:\/\/www.europesays.com\/ee\/wp-json\/wp\/v2\/posts\/265967","targetHints":{"allow":["GET"]}}],"collection":[{"href":"https:\/\/www.europesays.com\/ee\/wp-json\/wp\/v2\/posts"}],"about":[{"href":"https:\/\/www.europesays.com\/ee\/wp-json\/wp\/v2\/types\/post"}],"author":[{"embeddable":true,"href":"https:\/\/www.europesays.com\/ee\/wp-json\/wp\/v2\/users\/2"}],"replies":[{"embeddable":true,"href":"https:\/\/www.europesays.com\/ee\/wp-json\/wp\/v2\/comments?post=265967"}],"version-history":[{"count":0,"href":"https:\/\/www.europesays.com\/ee\/wp-json\/wp\/v2\/posts\/265967\/revisions"}],"wp:featuredmedia":[{"embeddable":true,"href":"https:\/\/www.europesays.com\/ee\/wp-json\/wp\/v2\/media\/265968"}],"wp:attachment":[{"href":"https:\/\/www.europesays.com\/ee\/wp-json\/wp\/v2\/media?parent=265967"}],"wp:term":[{"taxonomy":"category","embeddable":true,"href":"https:\/\/www.europesays.com\/ee\/wp-json\/wp\/v2\/categories?post=265967"},{"taxonomy":"post_tag","embeddable":true,"href":"https:\/\/www.europesays.com\/ee\/wp-json\/wp\/v2\/tags?post=265967"}],"curies":[{"name":"wp","href":"https:\/\/api.w.org\/{rel}","templated":true}]}}