{"id":265969,"date":"2026-09-01T17:23:15","date_gmt":"2026-09-01T17:23:15","guid":{"rendered":"https:\/\/www.europesays.com\/ee\/265969\/"},"modified":"2026-09-01T17:23:15","modified_gmt":"2026-09-01T17:23:15","slug":"euronews-el-kutsub-kokku-kaitsevaldkonna-koige-saravamad-ajud","status":"publish","type":"post","link":"https:\/\/www.europesays.com\/ee\/265969\/","title":{"rendered":"Euronews: EL kutsub kokku kaitsevaldkonna k\u00f5ige s\u00e4ravamad ajud"},"content":{"rendered":"<p>        <img width=\"1068\" height=\"641\" src=\"https:\/\/www.europesays.com\/ee\/wp-content\/uploads\/2026\/09\/13040732-1068x641.jpg\" class=\"attachment-large size-large wp-post-image\" alt=\"\" decoding=\"async\" fetchpriority=\"high\"  \/>Kaja Kallas. Foto: Scanpix<\/p>\n<p class=\"wp-block-paragraph\">Venemaa ohuga silmitsi seistes loob Euroopa Liit liiduvabariikide, \u00dchendkuningriigi ja Ukraina poliitilistest ning s\u00f5jalistest juhtidest koosneva uue k\u00f5rgetasemelise r\u00fchma, mille t\u00f6\u00f6s osalevad k\u00f5ige s\u00e4ravamad julgeolekuvaldkonna m\u00f5tlejad, teatab Euronews. <\/p>\n<p class=\"wp-block-paragraph\">ELi v\u00e4lisasjade ja julgeolekupoliitika k\u00f5rge esindaja Kaja Kallas <a href=\"https:\/\/www.euronews.com\/my-europe\/2026\/09\/01\/eu-to-gather-brightest-minds-to-boost-defence-as-russia-threat-grows\" rel=\"nofollow noopener\" target=\"_blank\">teatas<\/a> algatusest teisip\u00e4eval Iirimaal toimunud kaitseministrite mitteametlikul kohtumisel. Tema hinnangul aitab uus r\u00fchm kaasa Euroopa kaitse uue l\u00e4henemisviisi kujundamisel.<\/p>\n<p class=\"wp-block-paragraph\">&#8220;Eesm\u00e4rk on tuua kokku k\u00f5ige s\u00e4ravamad julgeoleku- ja kaitsevaldkonna m\u00f5tlejad, et leida tavap\u00e4rasest erinevaid lahendusi, kuidas saaksime kaitsevaldkonna puuduj\u00e4\u00e4kide k\u00f5rvaldamisel olla kiiremad ja t\u00f5husamad, eriti n\u00fc\u00fcd, mil julgeolekuolukord Euroopas on muutunud palju reaalsemaks,&#8221; \u00fctles Kallas.<\/p>\n<p class=\"wp-block-paragraph\">Teade tuleb ajal, mil Euroopa seisab Euronewsi s\u00f5nul silmitsi &#8220;enneolematute julgeolekuprobleemidega&#8221;: USA administratsioon v\u00e4hendab oma s\u00f5jalist kohalolekut Euroopas ning Venemaa s\u00f5ja eskaleerumine Ukrainas paneb muretsema s\u00f5jalise eskalatsiooni kandumise p\u00e4rast EL-i liiduvabariikide territooriumile. <\/p>\n<p class=\"wp-block-paragraph\">&#8220;Euroopa investeerib kaitsevaldkonda rohkem kui kunagi varem, kuid \u00fcksnes kulutuste suurendamine ei taga automaatselt edu. Me ei ole olnud piisavalt kiired, et k\u00f5rvaldada puuduj\u00e4\u00e4ke Euroopa s\u00f5jalises v\u00f5imekuses,&#8221; manitses Kallas.<\/p>\n<p class=\"wp-block-paragraph\">Euroopa k\u00f5rge v\u00e4lisesindaja r\u00f5hutas, et NATO j\u00e4\u00e4b Euroopa julgeoleku nurgakiviks ning k\u00f5ne all olev algatus on osa laiemast j\u00f5upingutusest, mille eesm\u00e4rgiks on Euroopa suurem vastutus. Selle eesm\u00e4rgi saavutamiseks tuleb strateegiliselt otsustada, millistesse s\u00f5jalistesse v\u00f5imetesse investeerida.<\/p>\n<p class=\"wp-block-paragraph\">Euronewsi s\u00f5nul peetakse Euroopas eriti oluliseks Ukraina rindel saadud kogemusi ja lahinguv\u00e4ljal kasutusele v\u00f5etud uuendusi. Uus r\u00fchm koostab raporti, milles esitatakse Euroopa kaitse tugevdamiseks konkreetseid soovitusi.<\/p>\n<p class=\"wp-block-paragraph\">Algatus k\u00e4ivitatakse ametlikult 7. septembril Euroopa v\u00e4listeenistuse (EEAS) korraldataval konverentsil &#8220;European Defence: Moving Further, Faster&#8221; (&#8220;Euroopa kaitse: edasi ja kiiremini&#8221;). Konverentsil avalikustatakse ka r\u00fchma liikmete nimed ning r\u00fchma tulevast t\u00f6\u00f6d puudutavad t\u00e4psemad detailid.<\/p>\n<p class=\"wp-block-paragraph\">&#8220;Peame pakkuma liikmesriikidele, aga ka ELi institutsioonidele ideid, mida peaksime tegema paremini ja kiiremini, et saavutada k\u00e4egakatsutavaid tulemusi ning k\u00f5rvaldada tuvastatud kaitsev\u00f5ime puuduj\u00e4\u00e4ke. Sealjuures tuleb meil arvesse v\u00f5tta ka geopoliitilist olukorda,&#8221; avas Kallas Euroopa Liidu kaitsevaldkonda uueks loova ajugrupi t\u00f6\u00f6 iseloomu.<\/p>\n<p class=\"wp-block-paragraph\">Markus J\u00e4rvi<\/p>\n","protected":false},"excerpt":{"rendered":"Kaja Kallas. Foto: Scanpix Venemaa ohuga silmitsi seistes loob Euroopa Liit liiduvabariikide, \u00dchendkuningriigi ja Ukraina poliitilistest ning s\u00f5jalistest&hellip;\n","protected":false},"author":2,"featured_media":265970,"comment_status":"","ping_status":"","sticky":false,"template":"","format":"standard","meta":{"footnotes":"","_share_on_mastodon":"0"},"categories":[80],"tags":[26,27,37,33,35,34,36,590,31,32,21,1639,28,29,95,19,25,23,24,22,20,30,92,93,94],"class_list":["post-265969","post","type-post","status-publish","format-standard","has-post-thumbnail","category-maailm","tag-breaking-news","tag-breakingnews","tag-ee","tag-eesti","tag-eesti-keel","tag-estonia","tag-estonian","tag-euroopa-liit","tag-featured-news","tag-featurednews","tag-headlines","tag-kaja-kallas","tag-latest-news","tag-latestnews","tag-maailm","tag-news","tag-populaarseimad-lood","tag-top-stories","tag-topstories","tag-uldised-uudised","tag-uudised","tag-viimased-uudised","tag-world","tag-world-news","tag-worldnews"],"share_on_mastodon":{"url":"https:\/\/pubeurope.com\/@ee\/117196947977276111","error":""},"_links":{"self":[{"href":"https:\/\/www.europesays.com\/ee\/wp-json\/wp\/v2\/posts\/265969","targetHints":{"allow":["GET"]}}],"collection":[{"href":"https:\/\/www.europesays.com\/ee\/wp-json\/wp\/v2\/posts"}],"about":[{"href":"https:\/\/www.europesays.com\/ee\/wp-json\/wp\/v2\/types\/post"}],"author":[{"embeddable":true,"href":"https:\/\/www.europesays.com\/ee\/wp-json\/wp\/v2\/users\/2"}],"replies":[{"embeddable":true,"href":"https:\/\/www.europesays.com\/ee\/wp-json\/wp\/v2\/comments?post=265969"}],"version-history":[{"count":0,"href":"https:\/\/www.europesays.com\/ee\/wp-json\/wp\/v2\/posts\/265969\/revisions"}],"wp:featuredmedia":[{"embeddable":true,"href":"https:\/\/www.europesays.com\/ee\/wp-json\/wp\/v2\/media\/265970"}],"wp:attachment":[{"href":"https:\/\/www.europesays.com\/ee\/wp-json\/wp\/v2\/media?parent=265969"}],"wp:term":[{"taxonomy":"category","embeddable":true,"href":"https:\/\/www.europesays.com\/ee\/wp-json\/wp\/v2\/categories?post=265969"},{"taxonomy":"post_tag","embeddable":true,"href":"https:\/\/www.europesays.com\/ee\/wp-json\/wp\/v2\/tags?post=265969"}],"curies":[{"name":"wp","href":"https:\/\/api.w.org\/{rel}","templated":true}]}}