{"id":265973,"date":"2026-09-01T17:43:12","date_gmt":"2026-09-01T17:43:12","guid":{"rendered":"https:\/\/www.europesays.com\/ee\/265973\/"},"modified":"2026-09-01T17:43:12","modified_gmt":"2026-09-01T17:43:12","slug":"kuprosel-ukraina-legendilt-tarkust-koguv-stojkovic-saan-siin-keskenduda-sellele-mida-koige-paremini-oskan-soccernet-ee","status":"publish","type":"post","link":"https:\/\/www.europesays.com\/ee\/265973\/","title":{"rendered":"K\u00fcprosel Ukraina legendilt tarkust koguv Stojkovic: saan siin keskenduda sellele, mida k\u00f5ige paremini oskan &#8211; Soccernet.ee"},"content":{"rendered":"<p><img decoding=\"async\" src=\"https:\/\/www.europesays.com\/ee\/wp-content\/uploads\/2026\/09\/1788274278.jpg\" alt=\"Ivan Stojkovici karj\u00e4\u00e4r j\u00e4tkub K\u00fcprose k\u00f5rgliigas, partneriks Barcelonaga La Liga v\u00f5itjaks kroonitud legendaarne kaitsja. Foto: Krasava FC \/ Facebook\"\/>&#13;\n<\/p>\n<p>Igap\u00e4evane paarisrakend mehega, kes jagas Barcelonas riietusruumi Messi, Ibrahimovici ja Henryga, r\u00e4\u00e4kimata Puyolist, Xavist ja Iniestast. V\u00e4rvikas klubiomanik. Vaid kaks m\u00e4ngijat eelmisest hooajast. V\u00f5itlus klubidega, kelle eelarved on kordades suuremad. Mitmes Eesti klubis t\u00f6\u00f6tanud Ivan Stojkovici uus argip\u00e4ev K\u00fcprose k\u00f5rgliigas on just selline.<\/p>\n<p>Levadia, Paide Linnameeskonna ja Tallinna Kalevi peatreenerina tegutsenud 36-aastane Stojkovic maandus K\u00fcprosel juba poolteist kuud tagasi, alustadesYpsonase Krasava juures 14. juulil koos meeskonnaga ettevalmistust. T\u00f5si, &#8220;meeskond&#8221; oli toona kokku saanud seltskonna kohta v\u00f5ib-olla natuke palju \u00f6elda &#8230;&#13;\n<\/p>\n<p>&#8220;Esialgu oli meil k\u00fcmme m\u00e4ngijat ja praegugi on veel vigastustega probleeme. Avam\u00e4ngus ei saanud kaks r\u00fcndajat meid aidata, sest nad olid veel registreerimata. Eelmise hooaja koosseisust j\u00e4i klubisse alles vaid kaks meest,&#8221; kirjeldab Stojkovic uut igap\u00e4evaelu. Soccernet.ee-ga r\u00e4\u00e4kis ta p\u00e4rast avavoorus 29. mai Omonialt saadud 0:3 kaotust.&#13;\n<\/p>\n<p>\u00c4\u00e4rem\u00e4rkusena \u2013 mis &#8220;29. mai Omonia&#8221;?! Aga just selline ongi vastasklubi t\u00e4isnimi. Nimelt vihastasid Nicosia Omonia ultraf\u00e4nnid 2018. aasta 29. mail selle peale, et klubi l\u00e4ks f\u00e4nnide omandusest \u00fcle kasumit taotleva ameeriklasest \u00e4rimehe valdusesse. Nad asutasid protestiks uue ja iseseisva klubi, mis hakkas liigap\u00fcramiidi viiendalt astmelt \u00fclespoole r\u00fchkima ning j\u00f5udis k\u00e4imasolevaks hooajaks esmakordselt k\u00f5rgliigasse, t\u00e4iendas ridu mitme v\u00e4lismaalasega ja v\u00f5ttis avam\u00e4ngust kindla v\u00f5idu.<\/p>\n<p>Eestist Leedu kaudu Ukraina-sidemeteni&#13;\n<\/p>\n<p>Ent kuidas ikkagi j\u00f5udis K\u00fcprosele Stojkovic, kes pani kevadel k\u00f5igest seitsme vooru j\u00e4rel Kalevi peatreeneri ameti maha? Serblane selgitab, et teeotsa juhatas k\u00e4tte sakslane Daniel Wimmer, kes t\u00f6\u00f6tab juba viiendat aastat Leedu jalgpalliliidus. Just tema juhendamisel omandas Stojkovic 2023. aastal Leedus Pro-kategooria treenerilitsentsi ning n\u00fc\u00fcd teeb sealsamas treeneripabereid ka pikaaegne Ukraina koondislane Dm\u00f5tro T\u0161\u00f5grinskii.&#13;\n<\/p>\n<p>Pika ja eduka karj\u00e4\u00e4ri jooksul peamiselt kodumaa tippklubis Donetski \u0160ahtaris m\u00e4nginud ning nendega 2009. aasta kevadel UEFA karikasarja v\u00f5itnud T\u0161\u00f5grinskii tegi seej\u00e4rel v\u00f5imsa h\u00fcppe, kui liitus 25 miljoni euro eest viieks aastaks Barcelonaga. Nimekiri meestest, kellega ukrainlane igap\u00e4evaselt treeningv\u00e4ljakut jagama hakkas, oli v\u00f5imas \u2013 Lionel Messi, Zlatan Ibrahimovic, Thierry Henry, Xavi, Andres Iniesta &#8230;&#13;\n<\/p>\n<blockquote class=\"twitter-tweet\"><p>&#13;<\/p>\n<p lang=\"en\" dir=\"ltr\">Barcelona signed Dmytro Chyhrynskyi for \u20ac25m from Shakhtar Donetsk, on a 5 years contract in 2009, and he was the 1st Ukrainian player to play for Barcelona. He ended up making only 12 appearances and returned back to Shakhtar the next season for \u20ac15m<a href=\"https:\/\/x.com\/hashtag\/DidYouKnow?src=hash&amp;ref_src=twsrc%5Etfw\" rel=\"nofollow\">#DidYouKnow<\/a> <a href=\"https:\/\/x.com\/hashtag\/Barca?src=hash&amp;ref_src=twsrc%5Etfw\" rel=\"nofollow\">#Barca<\/a> <a href=\"https:\/\/t.co\/MlNWDutl62\" rel=\"nofollow\">pic.twitter.com\/MlNWDutl62<\/a>&#13;<br \/>\n\u2014 KOMBO\u2122 (@ultimate_kombo) <a href=\"https:\/\/x.com\/ultimate_kombo\/status\/1661617775352184834?ref_src=twsrc%5Etfw\" rel=\"nofollow\">May 25, 2023<\/a><\/p>\n<\/blockquote>\n<p>Ent mis T\u0161\u00f5grinskii vaatepunktist m\u00e4rksa kehvem, raudkindla kaitsepaari moodustasid tol hooajal kapten Carles Puyol ja oma legendaarsusele alles vundamenti valama asunud Gerard Pique. Et vajadusel toetas neid ka mehhiklane Rafa Marquez, \u00a0j\u00e4i T\u0161\u00f5grinskii m\u00e4nguaeg \u00fcsna napiks. Kuigi v\u00f5iduka hooaja l\u00f5petuseks sai ta kaela Hispaania meistrikulla ja krooniti ka klubide maailmameistriks, j\u00e4i tema arvele k\u00f5igis sarjades vaid 14 kohtumist.&#13;\n<\/p>\n<p>See ukrainlast ei rahuldanud ja ta l\u00f5i \u00fcheainsa Kataloonias veedetud aasta j\u00e4rel uuesti k\u00e4ed \u0160ahtariga. Karj\u00e4\u00e4ri l\u00f5puaastatel ka Kreekasse p\u00f5iganud T\u0161\u00f5grinskii l\u00f5petas m\u00e4ngimise \u0160ahtari s\u00e4rgis alles 2023. aastal. See t\u00e4hendab, et peatreeneri t\u00f6\u00f6ks vajalikku Pro-litsentsi tal veel k\u00e4es pole \u2013 ja nagu jalgpallis sageli juhtub, tuligi siin juhuse tahtel m\u00e4ngu vajalike paberitega Stojkovic. Wimmer viis kaks endale tuttavat meest kokku, n\u00e4gemused \u00fchtisid ja t\u00f6\u00f6 l\u00e4ks k\u00e4ima.<\/p>\n<p>\u00dchelt suured otsused, teiselt taktika&#13;\n<\/p>\n<p>Serblase s\u00f5nul tegutsetakse praegu peatreenerite tandemina \u2013 &#8220;peaaegu nagu Marko Savic ja Vladimir Vassiljev omal ajal Levadias, aga mitte p\u00e4ris,&#8221; t\u00e4psustab Stojkovic ise. Lahtiseletatuna n\u00e4eb t\u00f6\u00f6jaotus v\u00e4lja nii, et T\u0161\u00f5grinskii langetab suuremad otsused ja paneb paika algkoosseisu, protokollides peatreeneriks m\u00e4rgitud ja kohtumise ajal k\u00fcljejoone tagant meeskonda juhendava Stojkovici vastutada on taktikaline pool. Eelnenud v\u00f5rdluse tahk &#8220;mitte p\u00e4ris&#8221; puudutabki eesk\u00e4tt just tema vabamaid k\u00e4si taktika valikul.&#13;\n<\/p>\n<p>D\u00fcnaamika, mis k\u00f5lab justkui keeruliselt? Nii ja naa, nendib Stojkovic. &#8220;\u00dchtpidi oli muidugi algul raske, sest ma olen t\u00f6\u00f6tanud kuus aastat peatreenerina ja \u00fcmberl\u00fclitumine v\u00f5tab aega. Teisest k\u00fcljest saan n\u00fc\u00fcd keskenduda sellele, mida ma k\u00f5ige paremini oskan,&#8221; m\u00e4rgib serblane, tunnistades ausalt senise karj\u00e4\u00e4ri jooksul v\u00e4lja tulnud suurimat isiklikku vajakaj\u00e4\u00e4mist.&#13;\n<\/p>\n<blockquote class=\"instagram-media\" data-instgrm-captioned=\"\" data-instgrm-permalink=\"https:\/\/www.instagram.com\/p\/DcNeftsjOeC\/?utm_source=ig_embed&amp;utm_campaign=loading\" data-instgrm-version=\"14\" style=\" background:#FFF; border:0; border-radius:3px; box-shadow:0 0 1px 0 rgba(0,0,0,0.5),0 1px 10px 0 rgba(0,0,0,0.15); margin: 1px; max-width:540px; min-width:326px; padding:0; width:99.375%; width:-webkit-calc(100% - 2px); width:calc(100% - 2px);\"><p>&#13;<br \/>\n&#13;\n<\/p><\/blockquote>\n<p>&#8220;Koos oldud paari kuuga olen \u00f5ppinud Dm\u00f5trolt v\u00e4ga palju m\u00e4ngijatega suhtlemise ja \u00fcle\u00fcldse sotsiaalse k\u00fclje kohta. Tean, et see on alati olnud minu puudus, sest mu k\u00f5rval pole sattunud olema kedagi, kellelt seda poolt omandada,&#8221; t\u00f5deb ta. &#8220;Praegu vaatan aga igap\u00e4evaselt meest, kelle karj\u00e4\u00e4r oli v\u00e4gev, kes on m\u00e4nginud v\u00e4ga k\u00f5rgel tasemel, aga kes on samas inimesena erakordselt s\u00fcmpaatne ja pigem isegi tagasihoidlik. See on t\u00f5esti nauditav.&#8221;<\/p>\n<p>Mis on Krasava?&#13;\n<\/p>\n<p>Omap\u00e4rastest klubinimedest oli juba juttu ja kindlasti pole seda Omoniate-Olympiakoste-Apollonite k\u00f5rval ka Krasava. Ent kes on viimastel aastatel sotsiaalmeedia kaudu jalgpallisisu j\u00e4lginud, on sellest nimest ehk v\u00e4hemalt kuulnud. Klubi president on endine Venemaa noortekoondislane Jevgeni Savin, kes m\u00e4ngis karj\u00e4\u00e4ri jooksul \u00fcle 150 kohtumise Venemaa k\u00f5rg- ja \u00fcle 100 esiliigas, samuti noortekoondistes. Deb\u00fc\u00fct A-koondises j\u00e4i Savinil napilt tegemata, ent n\u00e4iteks 2007. aasta m\u00e4rtsis vaatas ta Lillek\u00fclas varumeeste pingilt, kuidas Guus Hiddinki juhendatud Venemaa EM-valikm\u00e4ngus Eestist 2:0 jagu sai.&#13;\n<\/p>\n<p>Olles k\u00fcmmekond aastat tagasi putsad varna riputanud, sukeldus Savin otsekohe meediamaailma ja tegi seal k\u00f5rgemagi lennu kui m\u00e4ngijana. Esialgu vedas ta koos nimeka ajakirjaniku Juri Dudi ja punkrokkb\u00e4ndi Leningrad solisti Sergei \u0160nuroviga menukat saadet &#8220;Kult tura&#8221;, kommenteeris telekanalis Mat\u0161 TV jalgpallikohtumisi ning m\u00e4ngis kaasa Danila Kozlovski spordifilmis &#8220;Treener&#8221;. 2018. aastal l\u00fckkas Savin aga k\u00e4ima Krasava nimelise isikliku YouTube\u2019i kanali ja asus tootma jalgpallisisu.&#13;\n<\/p>\n<blockquote class=\"instagram-media\" data-instgrm-captioned=\"\" data-instgrm-permalink=\"https:\/\/www.instagram.com\/p\/DWBnJHnlwWg\/?utm_source=ig_embed&amp;utm_campaign=loading\" data-instgrm-version=\"14\" style=\" background:#FFF; border:0; border-radius:3px; box-shadow:0 0 1px 0 rgba(0,0,0,0.5),0 1px 10px 0 rgba(0,0,0,0.15); margin: 1px; max-width:540px; min-width:326px; padding:0; width:99.375%; width:-webkit-calc(100% - 2px); width:calc(100% - 2px);\"><p>&#13;<br \/>\n&#13;\n<\/p><\/blockquote>\n<p>Juba kaks aastat hiljem kasvas sellest v\u00e4lja Moskvas asunud ja Venemaa tugevuselt kolmandas liigas tegutsenud Krasava nimeline jalgpalliklubi. Ent kui Venemaa 2022. aasta veebruaris Ukrainale kallale tungis ja t\u00e4iemahulist s\u00f5da alustas, v\u00f5ttis Savin selle vastu otsekohe teravalt s\u00f5na ning sattus v\u00f5imude huviorbiiti. T\u00e4helepanu oli ta neile pakkunud juba varemgi, avaldades n\u00e4iteks 2020. aasta s\u00fcgisel toetuskirja Valgevenes toimunud meeleavalduste toetuseks, kus n\u00f5uti president Aljaksandr Luka\u0161enka kukutamist.<\/p>\n<p>S\u00f5jategevuse hukkam\u00f5istmise j\u00e4rel l\u00e4ks Savini jalgealune Venemaal kiirelt tuliseks ja ta kolis K\u00fcprosele. P\u00e4rast intervjuusid Ukraina koondislaste Andrii Jarmolenko, Andrii Voronini ja suurema osa karj\u00e4\u00e4rist Ukrainas \u0160ahtari ridades veetnud Horvaatia legendi Darijo Srnaga, kus s\u00f5da taas \u00fchem\u00f5tteliselt hukka m\u00f5isteti, kuulutasid Venemaa v\u00f5imud Savini suisa &#8220;s\u00f5jav\u00e4e diskrediteerimises&#8221; s\u00fc\u00fcdistatuna tagaotsitavaks.&#13;\n<\/p>\n<p>Loomulikult polnud sellisel moel v\u00f5imalik tegutsemist j\u00e4tkata ka Krasava nimelisel jalgpalliklubil ning 2022. aasta mais teatas Savin, et viib meeskonna Venemaalt v\u00e4lja. Limassoli eeslinnas Ypsonases tegutses samal ajal v\u00e4ike kohalik jalgpalliklubi, mille Savin 2022. aasta juulis \u00e4ra ostis ja asus seda tasapisi arendama. P\u00fcramiidis \u00fclespoole liikudes j\u00f5uti mullu l\u00f5puks v\u00e4lja k\u00f5rgliigasse ja t\u00e4ideti ka esimene eesm\u00e4rk ehk j\u00e4\u00e4di deb\u00fc\u00fcthooajal p\u00fcsima.&#13;\n<\/p>\n<p>V\u00e4\u00e4rtused paigas&#13;\n<\/p>\n<p>&#8220;Kui pakkumise sain ja n\u00e4gin, kes on klubi omanik, uurisin loomulikult kohe tema tausta. Sain ruttu aru, et selle inimese moraalsed p\u00f5him\u00f5tted ja v\u00e4\u00e4rtused langevad minu omadega kokku,&#8221; kirjeldab Stojkovic Savinit. &#8220;Muidugi on oluline ka see, et ta suhtub jalgpalli v\u00e4ga kirglikult, tahab kogu aeg meeskonna juures olla ja huvitub sellest, kuidas me t\u00e4pselt m\u00e4ngime. See n\u00e4itab, et ta armastab oma klubi v\u00e4ga ja ma hindan seda k\u00f5rgelt.&#8221;&#13;\n<\/p>\n<p>Stojkovic m\u00e4rgib, et m\u00f5ne silmis v\u00f5ib omaniku nii tugev seotus igap\u00e4evaste tegemistega olla ka miinus, kuid tema n\u00e4eb asju teisiti. &#8220;Jah, kirega v\u00f5ib vahel kaasneda ka emotsionaalseid k\u00fclgi, mida n\u00e4gin juba Levadias,&#8221; muigab ta 11-kordse Eesti meisterklubi presidendile Viktor Levadale viidates. &#8220;Aga see ei ole tegelikult \u00fcldse halb! Treener peab ka sellise kogemuse l\u00e4bi elama. Surve all t\u00f6\u00f6tamine teeb sind ennast paremaks ja tulevikus v\u00f5ib sul sellest v\u00e4ga palju kasu olla.&#8221;&#13;\n<\/p>\n<p>Krasava eesm\u00e4rk alanud hooajaks on \u00fcsna lihtne \u2013 korrata mullust saavutust ehk j\u00e4\u00e4da p\u00fcsima. K\u00fcprose liigatabel l\u00fc\u00fcakse 26 vooru j\u00e4rel kaheks, esimene kuuik j\u00e4tkab m\u00e4ngimist eurokohtadele ja \u00fclej\u00e4\u00e4nud kaheksa selgitavad omavahel veel korra l\u00e4bi m\u00e4ngides kolm esiliigasse langejat. Kevadel j\u00e4i Krasavat punasest joonest lahutama viis punkti ning Stojkovici s\u00f5nul pole m\u00f5tet esikuuikusse p\u00e4\u00e4semisest isegi \u00fclem\u00e4\u00e4ra unistada.&#13;\n<\/p>\n<p>&#13;\n<\/p>\n<p>Ta nendib, et Krasaval on organisatsiooniliselt veel v\u00e4ga palju arenguruumi. N\u00e4iteks pole klubil oma baasi \u2013 elatakse Limassolis, aga igasse trenni s\u00f5idetakse umbes 40 minutit. Kodum\u00e4nge peetakse hoopis tunniajase tee kaugusel asuvas Larnacas, sealse Nea Salamina klubi kodustaadionil. &#8220;Transpordi m\u00f5ttes meenutab Paide aega, aga Paides olid paremad tingimused!\u201d muigab Stojkovic. &#8220;Meil on praegu ainult \u00fcks v\u00e4ike v\u00e4ljak.&#8221;&#13;\n<\/p>\n<p>Tipud teistest kaugel ees&#13;\n<\/p>\n<p>Ta kinnitab, et K\u00fcprose liigas on tippude ja &#8220;lihtsurelike&#8221; vahel suured k\u00e4\u00e4rid. \u00dchelt poolt on K\u00fcprose k\u00f5rgliiga Euroopa edetabelis v\u00e4ga k\u00f5rgel, suisa 15. kohal ehk t\u00e4pselt Taani ja \u0160veitsi vahel. Teisalt teevad Euroopas tulemusi v\u00e4gevate eelarvetega tippklubid, kes jaksavad palgata ka tippm\u00e4ngijad. Pafos m\u00e4ngis mullu Meistrite liiga p\u00f5hiturniiril ja oli \u00fclil\u00e4hedal isegi 24 parema hulka p\u00e4\u00e4semisele, t\u00e4navu osalevad nad Konverentsiliiga p\u00f5hiturniiril ning Euroopa liiga p\u00f5hiturniiril on esindatud ka Nicosia Omonia.&#13;\n<\/p>\n<p>Stojkovic lisab peale nende kahe tippude nimekirja Limassoli klubid Arise ja Apolloni. Uut hingamist otsib ka Eesti jalgpallifolklooris olulist kohta omav ning eelmisel k\u00fcmnendil seitse j\u00e4rjestikust meistritiitlit v\u00f5itnud Apoel, kes palkas suvel peatreeneriks kreeklase Nikos Papadopoulose ja sihib uuesti nii liigav\u00f5itu kui ka p\u00e4\u00e4su eurosarjadesse. Rahakott lubab k\u00f5igil tippudel tuua enda ridadesse korralikul kesktasemel v\u00e4lismaalasi, vahest nimekaima leegion\u00e4rina alustab Pafoses teist hooaega kunagine Chelsea ja Brasiilia tugitala David Luiz.&#13;\n<\/p>\n<p>Samas \u00f5nnestus Krasavalgi teha turul paar v\u00e4\u00e4rt t\u00f5mmet. Stojkovic toob nimepidi v\u00e4lja 22-aastase r\u00fcndaja Michalis Panagidise, kes kuulus seni Kreeka tippklubi Arise ridadesse, ning La Liga j\u00e4lgijatele tuttava 33-aastase Ruben Pardo. Real Sociedadis ja Real Betisis ligi paarisaja k\u00f5rgliigam\u00e4nguni j\u00f5udnud Pardol on kogemust ka Prantsusmaa k\u00f5rgliigast, viimastel hooaegadel kandis temagi Kreekas Arise s\u00e4rki.&#13;\n<\/p>\n<blockquote class=\"instagram-media\" data-instgrm-captioned=\"\" data-instgrm-permalink=\"https:\/\/www.instagram.com\/p\/Db-vx_vjBSI\/?utm_source=ig_embed&amp;utm_campaign=loading\" data-instgrm-version=\"14\" style=\" background:#FFF; border:0; border-radius:3px; box-shadow:0 0 1px 0 rgba(0,0,0,0.5),0 1px 10px 0 rgba(0,0,0,0.15); margin: 1px; max-width:540px; min-width:326px; padding:0; width:99.375%; width:-webkit-calc(100% - 2px); width:calc(100% - 2px);\"><p>&#13;<br \/>\n&#13;\n<\/p><\/blockquote>\n<p>&#8220;Meil on andekaid mehi, aga vahe tippudega on suur ja tegelikult vajame veel paari m\u00e4ngijat,&#8221; nendib Stojkovic. Klubi kaotas suvel ka senise peatoetaja, \u00f5nneks leiti hiljuti uus \u2013 Ukraina panustamisettev\u00f5te Parimatch (mitte ajada segi Venemaal samal alal tegutseva ja sealsete v\u00f5imustruktuuridega tugevalt seotud hasartm\u00e4ngukontoriga Pari \u2013 K. J. K.). &#8220;Eelarve on minu teada \u00f5ige pisut mullusest v\u00e4iksem, kindlasti mitte suurem. P\u00fcsimaj\u00e4\u00e4mine oleks meie jaoks v\u00e4ga okei tulemus,&#8221; lausub Stojkovic.&#13;\n<\/p>\n<p>Krasava pildile t\u00f5stmine on tema s\u00f5nul raske ka seet\u00f5ttu, et paljudel teistel K\u00fcprose klubidel on v\u00e4\u00e4rikas ajalugu, millega kaasneb suurem publikuhuvi. Krasava esimene kodum\u00e4ng t\u00f5i trib\u00fc\u00fcnidele tuhatkond inimest, avavooru tippkohtumised mitu korda rohkem.&#13;\n<\/p>\n<p>&#8220;V\u00f5tame kas v\u00f5i Nea Salamina, kellega staadionit jagame. Suurtel klubidel on suured f\u00e4nnipundid, parematel juhtudel on staadionil 3000-4000 inimest. Meil midagi sellist pole, aga ma n\u00e4en ambitsiooni teha j\u00e4rgmine samm. T\u00f5si, et K\u00fcprosel, Kreekas v\u00f5i Balkanil on treeneril tihti raske pikalt \u00fches ametis p\u00fcsida, sest omanikud v\u00f5ivad olla kannatamatud. Aga seega tulebki \u00f5ppida iga hetke nautima!&#8221; on Stojkovic optimistlik.                         <\/p>\n<p><script async src=\"https:\/\/platform.twitter.com\/widgets.js\" charset=\"utf-8\"><\/script><script async src=\"\/\/www.instagram.com\/embed.js\"><\/script><\/p>\n","protected":false},"excerpt":{"rendered":"&#13; Igap\u00e4evane paarisrakend mehega, kes jagas Barcelonas riietusruumi Messi, Ibrahimovici ja Henryga, r\u00e4\u00e4kimata Puyolist, Xavist ja Iniestast. V\u00e4rvikas&hellip;\n","protected":false},"author":2,"featured_media":265974,"comment_status":"","ping_status":"","sticky":false,"template":"","format":"standard","meta":{"footnotes":"","_share_on_mastodon":"0"},"categories":[18],"tags":[103205,103206,103207,1741,103209,103210,103211,37,33,35,34,36,59683,103212,81443,103213,7370,103214,103215,103216,103217,9633,14294,115,30429,1358,21793,13908,103218,9212,103219,103220,13441,907,103221,103222,79236,103223,103224,7471,32861,103225,103208,159,158,103226,7373,103227,262,96,12485,103228,103229,54463,103230],"class_list":["post-265973","post","type-post","status-publish","format-standard","has-post-thumbnail","category-sport","tag-apoel","tag-apollon","tag-aris","tag-barcelona","tag-daniel-wimmer","tag-dmotro-tsorgrinskii","tag-dud","tag-ee","tag-eesti","tag-eesti-keel","tag-estonia","tag-estonian","tag-henry","tag-hiddink","tag-ibrahimovic","tag-iniesta","tag-ivan-stojkovic","tag-jarmolenko","tag-jevgeni-savin","tag-kozlovski","tag-krasava","tag-kupros","tag-larnaca","tag-leedu","tag-levada","tag-levadia","tag-limassol","tag-lukasenka","tag-marquez","tag-messi","tag-nea-salamina","tag-omonia","tag-pafos","tag-paide","tag-panagidis","tag-pardo","tag-pique","tag-puyol","tag-ruben-pardo","tag-sahtar","tag-savic","tag-savin","tag-snurov","tag-sport","tag-sports","tag-srna","tag-stojkovic","tag-tsogrinskii","tag-ukraina","tag-venemaa","tag-vladimir-vassiljev","tag-voronin","tag-wimmer","tag-xavi","tag-ypsonas"],"share_on_mastodon":{"url":"","error":"Validation failed: Text character limit of 500 exceeded"},"_links":{"self":[{"href":"https:\/\/www.europesays.com\/ee\/wp-json\/wp\/v2\/posts\/265973","targetHints":{"allow":["GET"]}}],"collection":[{"href":"https:\/\/www.europesays.com\/ee\/wp-json\/wp\/v2\/posts"}],"about":[{"href":"https:\/\/www.europesays.com\/ee\/wp-json\/wp\/v2\/types\/post"}],"author":[{"embeddable":true,"href":"https:\/\/www.europesays.com\/ee\/wp-json\/wp\/v2\/users\/2"}],"replies":[{"embeddable":true,"href":"https:\/\/www.europesays.com\/ee\/wp-json\/wp\/v2\/comments?post=265973"}],"version-history":[{"count":0,"href":"https:\/\/www.europesays.com\/ee\/wp-json\/wp\/v2\/posts\/265973\/revisions"}],"wp:featuredmedia":[{"embeddable":true,"href":"https:\/\/www.europesays.com\/ee\/wp-json\/wp\/v2\/media\/265974"}],"wp:attachment":[{"href":"https:\/\/www.europesays.com\/ee\/wp-json\/wp\/v2\/media?parent=265973"}],"wp:term":[{"taxonomy":"category","embeddable":true,"href":"https:\/\/www.europesays.com\/ee\/wp-json\/wp\/v2\/categories?post=265973"},{"taxonomy":"post_tag","embeddable":true,"href":"https:\/\/www.europesays.com\/ee\/wp-json\/wp\/v2\/tags?post=265973"}],"curies":[{"name":"wp","href":"https:\/\/api.w.org\/{rel}","templated":true}]}}