{"id":265977,"date":"2026-09-01T17:57:33","date_gmt":"2026-09-01T17:57:33","guid":{"rendered":"https:\/\/www.europesays.com\/ee\/265977\/"},"modified":"2026-09-01T17:57:33","modified_gmt":"2026-09-01T17:57:33","slug":"omniva-pani-laanemaa-viimase-postipunkti-kinni","status":"publish","type":"post","link":"https:\/\/www.europesays.com\/ee\/265977\/","title":{"rendered":"Omniva pani L\u00e4\u00e4nemaa viimase postipunkti kinni"},"content":{"rendered":"<p>            <a href=\"https:\/\/www.europesays.com\/ee\/wp-content\/uploads\/2026\/09\/Linnamae-postipunkt_andra-14.jpg\" data-caption=\"\"><img loading=\"lazy\" width=\"696\" height=\"464\" class=\"entry-thumb td-modal-image lazyload\" alt=\"\" title=\"Linnam\u00e4e postipunkt_andra (14)\" src=\"https:\/\/www.europesays.com\/ee\/wp-content\/uploads\/2026\/09\/Linnamae-postipunkt_andra-14-696x464.jpg\" decoding=\"async\"  data- data-eio-rwidth=\"696\" data-eio-rheight=\"464\"\/><\/a><\/p>\n<p><a href=\"https:\/\/www.europesays.com\/ee\/wp-content\/uploads\/2026\/09\/Linnamae-postipunkt_andra-14.jpg\"><img loading=\"lazy\" class=\"wp-image-484746 size-full lazyload\" alt=\"\" width=\"1920\" height=\"1280\" src=\"https:\/\/www.europesays.com\/ee\/wp-content\/uploads\/2026\/09\/Linnamae-postipunkt_andra-14.jpg\" decoding=\"async\" data-eio-rwidth=\"1920\" data-eio-rheight=\"1280\"\/><\/a>Omniva postkontorite v\u00f5rgustiku konsultant Eve M\u00e4nd korjas suletavast postipunktist kokku Omnivale kuuluvat vara. Foto Andra Kirna<\/p>\n<p>\t\tEsmasp\u00e4eval oli viimane t\u00f6\u00f6p\u00e4ev Mandri-Eesti viimasel postipunktil Linnam\u00e4el. Praegu on Eestis t\u00f6\u00f6le j\u00e4\u00e4nud veel vaid \u00fcks postipunkt \u2013 Ruhnu saarel.<\/p>\n<p>Oru raamatukogus tegutsenud postipunkti pidas k\u00fcmne aasta jooksul, p\u00e4rast Linnam\u00e4e postkontori sulgemist, raamatukoguhoidja Kaja Puusepp. Postipunktis sai saata kirju ja pakke, osta postmarke, paki saatmiseks m\u00f5eldud \u00fcmbrikke v\u00f5i muid pakendeid, tellida ajalehti ja ajakirju ning tasuda makseid.<\/p>\n<p>Asemele toob Omniva Linnam\u00e4ele kaks nn kogukonnaautomaati.<\/p>\n<p>Artikkel j\u00e4tkub peale reklaami<img loading=\"lazy\" decoding=\"async\" class=\"aligncenter size-full wp-image-387649\" src=\"https:\/\/www.europesays.com\/ee\/wp-content\/uploads\/2026\/09\/1788285453_639_tasuline.png\" alt=\"\" width=\"688\" height=\"101\" data-eio=\"l\"\/><\/a><\/p>\n<p>Reklaam<\/p>\n","protected":false},"excerpt":{"rendered":"Omniva postkontorite v\u00f5rgustiku konsultant Eve M\u00e4nd korjas suletavast postipunktist kokku Omnivale kuuluvat vara. Foto Andra Kirna Esmasp\u00e4eval oli&hellip;\n","protected":false},"author":2,"featured_media":265978,"comment_status":"","ping_status":"","sticky":false,"template":"","format":"standard","meta":{"footnotes":"","_share_on_mastodon":"0"},"categories":[12],"tags":[26,27,37,33,35,34,36,31,32,21,103231,28,29,103232,103233,19,254,25,23,24,22,20,30],"class_list":["post-265977","post","type-post","status-publish","format-standard","has-post-thumbnail","category-eesti","tag-breaking-news","tag-breakingnews","tag-ee","tag-eesti","tag-eesti-keel","tag-estonia","tag-estonian","tag-featured-news","tag-featurednews","tag-headlines","tag-kaja-puusepp","tag-latest-news","tag-latestnews","tag-linnamae-postipunkt","tag-madiken-oja","tag-news","tag-omniva","tag-populaarseimad-lood","tag-top-stories","tag-topstories","tag-uldised-uudised","tag-uudised","tag-viimased-uudised"],"share_on_mastodon":{"url":"https:\/\/pubeurope.com\/@ee\/117197081724114626","error":""},"_links":{"self":[{"href":"https:\/\/www.europesays.com\/ee\/wp-json\/wp\/v2\/posts\/265977","targetHints":{"allow":["GET"]}}],"collection":[{"href":"https:\/\/www.europesays.com\/ee\/wp-json\/wp\/v2\/posts"}],"about":[{"href":"https:\/\/www.europesays.com\/ee\/wp-json\/wp\/v2\/types\/post"}],"author":[{"embeddable":true,"href":"https:\/\/www.europesays.com\/ee\/wp-json\/wp\/v2\/users\/2"}],"replies":[{"embeddable":true,"href":"https:\/\/www.europesays.com\/ee\/wp-json\/wp\/v2\/comments?post=265977"}],"version-history":[{"count":0,"href":"https:\/\/www.europesays.com\/ee\/wp-json\/wp\/v2\/posts\/265977\/revisions"}],"wp:featuredmedia":[{"embeddable":true,"href":"https:\/\/www.europesays.com\/ee\/wp-json\/wp\/v2\/media\/265978"}],"wp:attachment":[{"href":"https:\/\/www.europesays.com\/ee\/wp-json\/wp\/v2\/media?parent=265977"}],"wp:term":[{"taxonomy":"category","embeddable":true,"href":"https:\/\/www.europesays.com\/ee\/wp-json\/wp\/v2\/categories?post=265977"},{"taxonomy":"post_tag","embeddable":true,"href":"https:\/\/www.europesays.com\/ee\/wp-json\/wp\/v2\/tags?post=265977"}],"curies":[{"name":"wp","href":"https:\/\/api.w.org\/{rel}","templated":true}]}}