{"id":265981,"date":"2026-09-01T18:07:13","date_gmt":"2026-09-01T18:07:13","guid":{"rendered":"https:\/\/www.europesays.com\/ee\/265981\/"},"modified":"2026-09-01T18:07:13","modified_gmt":"2026-09-01T18:07:13","slug":"sojapaevik-1651-paev-vene-koolides-opetavad-lapsi-sojaveteranid-oodatud-on-ka-wagneri-palgamortsukad","status":"publish","type":"post","link":"https:\/\/www.europesays.com\/ee\/265981\/","title":{"rendered":"S\u00d5JAP\u00c4EVIK (1651. p\u00e4ev) | Vene koolides \u00f5petavad lapsi s\u00f5javeteranid, oodatud on ka Wagneri palgam\u00f5rtsukad"},"content":{"rendered":"<p><img decoding=\"async\" src=\"https:\/\/www.europesays.com\/ee\/wp-content\/uploads\/2026\/09\/3b9993ca-bb1b-402d-825f-4497753c94f2.jpg\" loading=\"lazy\" alt=\"Peagi saavad need v\u00e4ikesed pioneerid p\u00f5hjalikult selgeks, kuidas kala\u0161nikovi lahti v\u00f5tta ja kokku tagasi panna.\"\/><\/p>\n<p>Peagi saavad need v\u00e4ikesed pioneerid p\u00f5hjalikult selgeks, kuidas kala\u0161nikovi lahti v\u00f5tta ja kokku tagasi panna.<\/p>\n<p>FOTO: MAXIM SHIPENKOV| EPA<\/p>\n<p>Vene koolilapsed hakkavad sel \u00f5ppeaastal senisest poole rohkem s\u00f5jalist alg\u00f5petust saama. Selle osakaal \u00f5ppeaines \u201eKodumaa julgeoleku ja kaitse alused\u201c suureneb 20%-st 50%-ni. \u00d5ppekava h\u00f5lmab muu hulgas drooni\u00f5pet ja s\u00f5jalisi laagreid. Lastele tulevad tunde andma Ukrainas s\u00f5dinud veteranid, keda uues s\u00fcsteemis \u00fcmber koolitatakse. Vene haridusministeeriumi s\u00f5nul on neil \u201eainulaadne pedagoogiline v\u00f5ime\u201c ning nende teadmisi, kogemusi ja isikuomadusi saab kasutada \u201e\u00f5pilaste patriootilises kasvatamises\u201c.<\/p>\n","protected":false},"excerpt":{"rendered":"Peagi saavad need v\u00e4ikesed pioneerid p\u00f5hjalikult selgeks, kuidas kala\u0161nikovi lahti v\u00f5tta ja kokku tagasi panna. FOTO: MAXIM SHIPENKOV|&hellip;\n","protected":false},"author":2,"featured_media":265982,"comment_status":"","ping_status":"","sticky":false,"template":"","format":"standard","meta":{"footnotes":"","_share_on_mastodon":"0"},"categories":[80],"tags":[26,27,37,33,35,34,36,31,32,21,28,29,95,19,25,107,23,24,22,20,30,92,93,94],"class_list":["post-265981","post","type-post","status-publish","format-standard","has-post-thumbnail","category-maailm","tag-breaking-news","tag-breakingnews","tag-ee","tag-eesti","tag-eesti-keel","tag-estonia","tag-estonian","tag-featured-news","tag-featurednews","tag-headlines","tag-latest-news","tag-latestnews","tag-maailm","tag-news","tag-populaarseimad-lood","tag-soda-ukrainas","tag-top-stories","tag-topstories","tag-uldised-uudised","tag-uudised","tag-viimased-uudised","tag-world","tag-world-news","tag-worldnews"],"share_on_mastodon":{"url":"https:\/\/pubeurope.com\/@ee\/117197121021444579","error":""},"_links":{"self":[{"href":"https:\/\/www.europesays.com\/ee\/wp-json\/wp\/v2\/posts\/265981","targetHints":{"allow":["GET"]}}],"collection":[{"href":"https:\/\/www.europesays.com\/ee\/wp-json\/wp\/v2\/posts"}],"about":[{"href":"https:\/\/www.europesays.com\/ee\/wp-json\/wp\/v2\/types\/post"}],"author":[{"embeddable":true,"href":"https:\/\/www.europesays.com\/ee\/wp-json\/wp\/v2\/users\/2"}],"replies":[{"embeddable":true,"href":"https:\/\/www.europesays.com\/ee\/wp-json\/wp\/v2\/comments?post=265981"}],"version-history":[{"count":0,"href":"https:\/\/www.europesays.com\/ee\/wp-json\/wp\/v2\/posts\/265981\/revisions"}],"wp:featuredmedia":[{"embeddable":true,"href":"https:\/\/www.europesays.com\/ee\/wp-json\/wp\/v2\/media\/265982"}],"wp:attachment":[{"href":"https:\/\/www.europesays.com\/ee\/wp-json\/wp\/v2\/media?parent=265981"}],"wp:term":[{"taxonomy":"category","embeddable":true,"href":"https:\/\/www.europesays.com\/ee\/wp-json\/wp\/v2\/categories?post=265981"},{"taxonomy":"post_tag","embeddable":true,"href":"https:\/\/www.europesays.com\/ee\/wp-json\/wp\/v2\/tags?post=265981"}],"curies":[{"name":"wp","href":"https:\/\/api.w.org\/{rel}","templated":true}]}}