{"id":265983,"date":"2026-09-01T18:08:35","date_gmt":"2026-09-01T18:08:35","guid":{"rendered":"https:\/\/www.europesays.com\/ee\/265983\/"},"modified":"2026-09-01T18:08:35","modified_gmt":"2026-09-01T18:08:35","slug":"presidenditegu-parteide-peitusemang-2021-aasta-presidendivalimistel-toi-lopuks-alar-karise-kadriorgu-postimees","status":"publish","type":"post","link":"https:\/\/www.europesays.com\/ee\/265983\/","title":{"rendered":"PRESIDENDITEGU Parteide peitusem\u00e4ng 2021. aasta presidendivalimistel t\u00f5i l\u00f5puks Alar Karise Kadriorgu &#8211; Postimees"},"content":{"rendered":"<ol>\n<li><a href=\"https:\/\/news.google.com\/rss\/articles\/CBMizgFBVV95cUxPVi1fd1hHcGxrZVMtWXFkMWxCWm44dG5Mbk94SWtHdFdjU3Qza0FBVjhGU2x1c3dNUzQ4QmZOdEhNbzQ4eFRmSEFXUEIwdnJCQlVnci04UEMzMkxhRHM0UEdXMnBnOGg3UWhNdG9mWnpJQndSVHRwWi1LeVhkeWVjd05KemdUTlEwX1FsSF9vc1FUcEFtZFBfQW1FaG9vdUQwNTVieEgycGhrZEFsckZaYmpQa05mSW1BUHVvMTRKc1JwYjlCUEtkQ1ZpclNMdw?oc=5\" target=\"_blank\" rel=\"nofollow noopener\">PRESIDENDITEGU Parteide peitusem\u00e4ng 2021. aasta presidendivalimistel t\u00f5i l\u00f5puks Alar Karise Kadriorgu<\/a>&nbsp;&nbsp;Postimees<\/li>\n<li><a href=\"https:\/\/news.google.com\/rss\/articles\/CBMimwFBVV95cUxNY2I0NXd6UHBhWDVXTnR3Ny14YjhpWmprVW9uT1pGSVM1azZIZ3FfWGpyck1zSjAtMVljZmtUejdHQWphOU4zaC1sWFRPY2ZENml5ekxaQ0V4WXpVUmJKNUkyeXpySWZwMkMzNWZYRXBXeDRGYW9kZDZ1czJreVBEUjVST2dLR0pGWUR0a3p1WTFDR3l5b21lUWFwTQ?oc=5\" target=\"_blank\" rel=\"nofollow noopener\">Presidendivalimiste ajajoon: kuidas poliitikud presidendirallis niite t\u00f5mbasid<\/a>&nbsp;&nbsp;laser.ee<\/li>\n<li><a href=\"https:\/\/news.google.com\/rss\/articles\/CBMi7AFBVV95cUxNNWpXdnJyTWxDbUF3YTZaZnBLNlp1RGtoc25jUHY1aGFJMzBwSzhBbmhVOEJEUmIyek1fbVhYaGRFZU9kQ01Lcjk0dHd1NXgzcDZERUp0OWstY3F4SS0tTklDcnB1ZEpoNk1FZEZnc0Ezc3BvYXhJUnZCcW5URXZobGNJMlc5QlFnSWFnX0FFLTliZXpXeHJRN3lPckxpQ0VuNDNuemQtQTZiNVE2N0NOTmFsenZwbkpXTWFhdjVwZ0F4SjFMbHloR2pTTVVxbUY3Q2J6REZYdG9pdk0yUHQtRHYwZzFERXg5aG1sNw?oc=5\" target=\"_blank\" rel=\"nofollow noopener\">PRESIDENDITEGU \u27e9 Parteide peitusem\u00e4ng 2021. aasta presidendivalimistel t\u00f5i l\u00f5puks Alar Karise Kadriorgu<\/a>&nbsp;&nbsp;Inbox.eu<\/li>\n<li><a href=\"https:\/\/news.google.com\/rss\/articles\/CBMimwFBVV95cUxQV0FRZGVsb1BieFJ6UVduVFBCZFl5UlBlc1VzOXhJemNRMlNqM3lSLThzcG9OZEtLNlE3bmxnU0VpS0U5WlNZYThEU1IzSld5dDAzVlhnbmFaYTZfTE95c0xjd3k5SW1rU2NrcVhMU0tHODV6MjdIaEtzbmVBa1o5NGk4M1A2SnJfVEdZaTVwd0lLazVxSEtHWDJTUQ?oc=5\" target=\"_blank\" rel=\"nofollow noopener\">TV3 \u201eLaser\u201c alustab ja uurib presidendiralli kavalat poliitm\u00e4ngu<\/a>&nbsp;&nbsp;tv3.ee<\/li>\n<\/ol>\n","protected":false},"excerpt":{"rendered":"PRESIDENDITEGU Parteide peitusem\u00e4ng 2021. aasta presidendivalimistel t\u00f5i l\u00f5puks Alar Karise Kadriorgu&nbsp;&nbsp;Postimees Presidendivalimiste ajajoon: kuidas poliitikud presidendirallis niite t\u00f5mbasid&nbsp;&nbsp;laser.ee&hellip;\n","protected":false},"author":2,"featured_media":265984,"comment_status":"","ping_status":"","sticky":false,"template":"","format":"standard","meta":{"footnotes":"","_share_on_mastodon":"0"},"categories":[12],"tags":[1687,26,27,37,33,35,34,36,31,32,21,28,29,19,25,18841,23,24,22,20,30],"class_list":["post-265983","post","type-post","status-publish","format-standard","has-post-thumbnail","category-eesti","tag-alar-karis","tag-breaking-news","tag-breakingnews","tag-ee","tag-eesti","tag-eesti-keel","tag-estonia","tag-estonian","tag-featured-news","tag-featurednews","tag-headlines","tag-latest-news","tag-latestnews","tag-news","tag-populaarseimad-lood","tag-presidendivalimised","tag-top-stories","tag-topstories","tag-uldised-uudised","tag-uudised","tag-viimased-uudised"],"share_on_mastodon":{"url":"https:\/\/pubeurope.com\/@ee\/117197124806439870","error":""},"_links":{"self":[{"href":"https:\/\/www.europesays.com\/ee\/wp-json\/wp\/v2\/posts\/265983","targetHints":{"allow":["GET"]}}],"collection":[{"href":"https:\/\/www.europesays.com\/ee\/wp-json\/wp\/v2\/posts"}],"about":[{"href":"https:\/\/www.europesays.com\/ee\/wp-json\/wp\/v2\/types\/post"}],"author":[{"embeddable":true,"href":"https:\/\/www.europesays.com\/ee\/wp-json\/wp\/v2\/users\/2"}],"replies":[{"embeddable":true,"href":"https:\/\/www.europesays.com\/ee\/wp-json\/wp\/v2\/comments?post=265983"}],"version-history":[{"count":0,"href":"https:\/\/www.europesays.com\/ee\/wp-json\/wp\/v2\/posts\/265983\/revisions"}],"wp:featuredmedia":[{"embeddable":true,"href":"https:\/\/www.europesays.com\/ee\/wp-json\/wp\/v2\/media\/265984"}],"wp:attachment":[{"href":"https:\/\/www.europesays.com\/ee\/wp-json\/wp\/v2\/media?parent=265983"}],"wp:term":[{"taxonomy":"category","embeddable":true,"href":"https:\/\/www.europesays.com\/ee\/wp-json\/wp\/v2\/categories?post=265983"},{"taxonomy":"post_tag","embeddable":true,"href":"https:\/\/www.europesays.com\/ee\/wp-json\/wp\/v2\/tags?post=265983"}],"curies":[{"name":"wp","href":"https:\/\/api.w.org\/{rel}","templated":true}]}}