{"id":265987,"date":"2026-09-01T18:17:09","date_gmt":"2026-09-01T18:17:09","guid":{"rendered":"https:\/\/www.europesays.com\/ee\/265987\/"},"modified":"2026-09-01T18:17:09","modified_gmt":"2026-09-01T18:17:09","slug":"taanis-prinditi-uliopilastele-betoonist-kodud","status":"publish","type":"post","link":"https:\/\/www.europesays.com\/ee\/265987\/","title":{"rendered":"Taanis prinditi \u00fcli\u00f5pilastele betoonist kodud"},"content":{"rendered":"<p>Taanis valmis ainulaadne elamukompleks, mida tegijad nimetavad Euroopa suurimaks 3D-prinditud elamuprojektiks. Holstebro linnas vaid aastaga p\u00fcstitatud 36 tudengikorterit t\u00f5estavad, et 3D-printimine on liikumas eksperimentaalsest ehitusviisist t\u00f5siseltv\u00f5etavaks peavoolu tehnoloogiaks, mis v\u00f5imaldab luua hubaseid ja kaasaegseid kodusid rekordkiirusel.<\/p>\n","protected":false},"excerpt":{"rendered":"Taanis valmis ainulaadne elamukompleks, mida tegijad nimetavad Euroopa suurimaks 3D-prinditud elamuprojektiks. Holstebro linnas vaid aastaga p\u00fcstitatud 36 tudengikorterit&hellip;\n","protected":false},"author":2,"featured_media":265988,"comment_status":"","ping_status":"","sticky":false,"template":"","format":"standard","meta":{"footnotes":"","_share_on_mastodon":"0"},"categories":[14],"tags":[103235,103234,131,130,37,33,35,82252,34,36,264,103236,97360],"class_list":["post-265987","post","type-post","status-publish","format-standard","has-post-thumbnail","category-ari","tag-3d-prinditud-elamud","tag-3d-printimine-ehituses","tag-ari","tag-business","tag-ee","tag-eesti","tag-eesti-keel","tag-elamuehitus","tag-estonia","tag-estonian","tag-taani","tag-taskukohane-elamispind","tag-tudengikorter"],"share_on_mastodon":{"url":"https:\/\/pubeurope.com\/@ee\/117197160274595814","error":""},"_links":{"self":[{"href":"https:\/\/www.europesays.com\/ee\/wp-json\/wp\/v2\/posts\/265987","targetHints":{"allow":["GET"]}}],"collection":[{"href":"https:\/\/www.europesays.com\/ee\/wp-json\/wp\/v2\/posts"}],"about":[{"href":"https:\/\/www.europesays.com\/ee\/wp-json\/wp\/v2\/types\/post"}],"author":[{"embeddable":true,"href":"https:\/\/www.europesays.com\/ee\/wp-json\/wp\/v2\/users\/2"}],"replies":[{"embeddable":true,"href":"https:\/\/www.europesays.com\/ee\/wp-json\/wp\/v2\/comments?post=265987"}],"version-history":[{"count":0,"href":"https:\/\/www.europesays.com\/ee\/wp-json\/wp\/v2\/posts\/265987\/revisions"}],"wp:featuredmedia":[{"embeddable":true,"href":"https:\/\/www.europesays.com\/ee\/wp-json\/wp\/v2\/media\/265988"}],"wp:attachment":[{"href":"https:\/\/www.europesays.com\/ee\/wp-json\/wp\/v2\/media?parent=265987"}],"wp:term":[{"taxonomy":"category","embeddable":true,"href":"https:\/\/www.europesays.com\/ee\/wp-json\/wp\/v2\/categories?post=265987"},{"taxonomy":"post_tag","embeddable":true,"href":"https:\/\/www.europesays.com\/ee\/wp-json\/wp\/v2\/tags?post=265987"}],"curies":[{"name":"wp","href":"https:\/\/api.w.org\/{rel}","templated":true}]}}