{"id":265991,"date":"2026-09-01T18:27:13","date_gmt":"2026-09-01T18:27:13","guid":{"rendered":"https:\/\/www.europesays.com\/ee\/265991\/"},"modified":"2026-09-01T18:27:13","modified_gmt":"2026-09-01T18:27:13","slug":"parnu-summer-cup-toi-rajale-nii-tipplaskurid-kui-ka-jahimehed","status":"publish","type":"post","link":"https:\/\/www.europesays.com\/ee\/265991\/","title":{"rendered":"P\u00e4rnu Summer Cup t\u00f5i rajale nii tipplaskurid kui ka jahimehed"},"content":{"rendered":"<p>            <a href=\"https:\/\/www.europesays.com\/ee\/wp-content\/uploads\/2026\/09\/IMG_2833.jpg\" data-caption=\"Fotod: Sandra Karu\"><img loading=\"lazy\" decoding=\"async\" width=\"2048\" height=\"1365\" class=\"entry-thumb td-modal-image\" src=\"https:\/\/www.europesays.com\/ee\/wp-content\/uploads\/2026\/09\/IMG_2833.jpg\"   alt=\"\" title=\"laskev\u00f5istlus p\u00e4rnu summer cup\"\/><\/a>Fotod: Sandra Karu<\/p>\n<p>Augustis toimus P\u00e4rnu laskekeskuses P\u00e4rnu Summer Cup 2026, kus Compak Sportingu radadel said end proovile panna nii kogenud v\u00f5istluslaskurid kui ka jahimehed. T\u00e4navu oli v\u00f5istluse raames loodud eraldi jahimeeste liiga, et pakkuda v\u00f5istluskogemust ka neile, kes tavap\u00e4raselt laskespordiv\u00f5istlustel ei osale.<\/p>\n<p>Jahimeeste liiga eesm\u00e4rk oli anda jahimeestele v\u00f5imalus proovida v\u00f5istluslaskmist j\u00f5ukohases ja toetavas formaadis. P\u00e4rast esimest v\u00f5istlusp\u00e4eva jagati osalejad tulemuste p\u00f5hjal tugevusgruppidesse, et laskurid saaksid m\u00f5\u00f5tu v\u00f5tta v\u00f5imalikult v\u00f5rdsel tasemel konkurentidega.<\/p>\n<p>Jahimeeste A-grupi v\u00f5itis Karl-Robert Viira, kes tabas kaheksa seeria kokkuv\u00f5ttes 173 m\u00e4rki. Teise koha saavutas Vahur Allveer 155 tabamusega ning kolmandaks tuli Oliver Leif, kelle tulemuseks j\u00e4i 144 tabamust.<\/p>\n<p>P\u00e4rnu Summer Cupi \u00fcldarvestuses n\u00e4idati v\u00e4ga k\u00f5rget taset. V\u00f5istluse v\u00f5itis Tauno Tamm 197 tabamusega 200 v\u00f5imalikust. Teise koha saavutas Seppo P\u00f5ldsepp 194 tabamusega ning kolmanda koha Arno Kull 193 tabamusega. Esiviisikusse j\u00f5udsid veel soomlane Miko Raassina 189 tabamuse ning Arti Silm 188 tabamusega.<\/p>\n<p>Lisaks sportlikule m\u00f5\u00f5duv\u00f5tule olid korraldajad v\u00e4lja pannud \u00fcle 5000 euro v\u00e4\u00e4rtuses rahalisi auhindu ja enam kui 3000 euro v\u00e4\u00e4rtuses loosiauhindu.<\/p>\n<p>P\u00e4rnu Summer Cup 2026 \u00fcldarvestuse esikolmik:<\/p>\n<ol>\n<li>Tauno Tamm \u2013 197<\/li>\n<li>Seppo P\u00f5ldsepp \u2013 194<\/li>\n<li>Arno Kull \u2013 193<\/li>\n<\/ol>\n<p>Jahimeeste A-grupi esikolmik:<\/p>\n<ol>\n<li>Karl-Robert Viira \u2013 173<\/li>\n<li>Vahur Allveer \u2013 155<\/li>\n<li>Oliver Leif \u2013 144<\/li>\n<\/ol>\n<p>Jahimeeste B-grupi esikolmik:<\/p>\n<ol>\n<li>Priit Aru \u2013 130<\/li>\n<li>Andres Brant \u2013 126<\/li>\n<li>Marko \u00d5unpuu \u2013 123<\/li>\n<\/ol>\n<p>K\u00f5ik P\u00e4rnu Summer Cup 2026 tulemused on avaldatud <a href=\"https:\/\/parnulaskekeskus.ee\/tulemused\/\" target=\"_blank\" rel=\"noopener nofollow\">P\u00e4rnu laskekeskuse kodulehel.<\/a><\/p>\n<p>\u00a0<\/p>\n","protected":false},"excerpt":{"rendered":"Fotod: Sandra Karu Augustis toimus P\u00e4rnu laskekeskuses P\u00e4rnu Summer Cup 2026, kus Compak Sportingu radadel said end proovile&hellip;\n","protected":false},"author":2,"featured_media":265992,"comment_status":"","ping_status":"","sticky":false,"template":"","format":"standard","meta":{"footnotes":"","_share_on_mastodon":"0"},"categories":[18],"tags":[37,33,35,34,36,9921,11039,9924,26690,1421,92428,159,158],"class_list":["post-265991","post","type-post","status-publish","format-standard","has-post-thumbnail","category-sport","tag-ee","tag-eesti","tag-eesti-keel","tag-estonia","tag-estonian","tag-jahilaskesport","tag-jahilaskmine","tag-laskesport","tag-laskevoistlus","tag-parnu","tag-parnu-laskekeskus","tag-sport","tag-sports"],"share_on_mastodon":{"url":"https:\/\/pubeurope.com\/@ee\/117197199756026362","error":""},"_links":{"self":[{"href":"https:\/\/www.europesays.com\/ee\/wp-json\/wp\/v2\/posts\/265991","targetHints":{"allow":["GET"]}}],"collection":[{"href":"https:\/\/www.europesays.com\/ee\/wp-json\/wp\/v2\/posts"}],"about":[{"href":"https:\/\/www.europesays.com\/ee\/wp-json\/wp\/v2\/types\/post"}],"author":[{"embeddable":true,"href":"https:\/\/www.europesays.com\/ee\/wp-json\/wp\/v2\/users\/2"}],"replies":[{"embeddable":true,"href":"https:\/\/www.europesays.com\/ee\/wp-json\/wp\/v2\/comments?post=265991"}],"version-history":[{"count":0,"href":"https:\/\/www.europesays.com\/ee\/wp-json\/wp\/v2\/posts\/265991\/revisions"}],"wp:featuredmedia":[{"embeddable":true,"href":"https:\/\/www.europesays.com\/ee\/wp-json\/wp\/v2\/media\/265992"}],"wp:attachment":[{"href":"https:\/\/www.europesays.com\/ee\/wp-json\/wp\/v2\/media?parent=265991"}],"wp:term":[{"taxonomy":"category","embeddable":true,"href":"https:\/\/www.europesays.com\/ee\/wp-json\/wp\/v2\/categories?post=265991"},{"taxonomy":"post_tag","embeddable":true,"href":"https:\/\/www.europesays.com\/ee\/wp-json\/wp\/v2\/tags?post=265991"}],"curies":[{"name":"wp","href":"https:\/\/api.w.org\/{rel}","templated":true}]}}