{"id":266019,"date":"2026-09-01T19:03:30","date_gmt":"2026-09-01T19:03:30","guid":{"rendered":"https:\/\/www.europesays.com\/ee\/266019\/"},"modified":"2026-09-01T19:03:30","modified_gmt":"2026-09-01T19:03:30","slug":"itaalia-pikendas-hispaaniaga-schengeni-piirikontrolle-madrid-vastas-samaga","status":"publish","type":"post","link":"https:\/\/www.europesays.com\/ee\/266019\/","title":{"rendered":"Itaalia pikendas Hispaaniaga Schengeni piirikontrolle, Madrid vastas samaga"},"content":{"rendered":"<p>Itaalia pikendas Hispaaniale kehtestatud piirikontrolli veel 15 p\u00e4eva v\u00f5rra. Itaalia kontrollib j\u00e4tkuvalt \u00f5hu- ja meritsi Hispaaniast saabuvate inimeste dokumente. Otsus tehti kuu aega p\u00e4rast Ceuta enklaavi juhtumit.<\/p>\n<p>Itaalia siseministeeriumi s\u00f5nul ei ole olukord, mille t\u00f5ttu kontrollid 1. augustil kehtestati, piisavalt muutunud. Samas m\u00e4rkis ministeerium, et Hispaania ja Euroopa Liit on alustanud olukorra parandamisega.<\/p>\n","protected":false},"excerpt":{"rendered":"Itaalia pikendas Hispaaniale kehtestatud piirikontrolli veel 15 p\u00e4eva v\u00f5rra. Itaalia kontrollib j\u00e4tkuvalt \u00f5hu- ja meritsi Hispaaniast saabuvate inimeste&hellip;\n","protected":false},"author":2,"featured_media":266020,"comment_status":"","ping_status":"","sticky":false,"template":"","format":"standard","meta":{"footnotes":"","_share_on_mastodon":"0"},"categories":[80],"tags":[7011,26,27,95423,96761,37,33,35,34,36,2337,590,31,32,103239,21,110,109,28,29,95,11852,103238,19,1141,91899,25,7385,27806,99,23,24,22,20,30,92,93,94],"class_list":["post-266019","post","type-post","status-publish","format-standard","has-post-thumbnail","category-maailm","tag-antonio-tajani","tag-breaking-news","tag-breakingnews","tag-ceuta","tag-ebaseaduslik-sisseranne","tag-ee","tag-eesti","tag-eesti-keel","tag-estonia","tag-estonian","tag-euroopa-komisjon","tag-euroopa-liit","tag-featured-news","tag-featurednews","tag-fernando-grande-marlaska","tag-headlines","tag-hispaania","tag-itaalia","tag-latest-news","tag-latestnews","tag-maailm","tag-maroko","tag-matteo-piantedosi","tag-news","tag-pedro-sanchez","tag-piirikontroll","tag-populaarseimad-lood","tag-randekriis","tag-schengeni-ala","tag-terrorism","tag-top-stories","tag-topstories","tag-uldised-uudised","tag-uudised","tag-viimased-uudised","tag-world","tag-world-news","tag-worldnews"],"share_on_mastodon":{"url":"","error":"Validation failed: Text character limit of 500 exceeded"},"_links":{"self":[{"href":"https:\/\/www.europesays.com\/ee\/wp-json\/wp\/v2\/posts\/266019","targetHints":{"allow":["GET"]}}],"collection":[{"href":"https:\/\/www.europesays.com\/ee\/wp-json\/wp\/v2\/posts"}],"about":[{"href":"https:\/\/www.europesays.com\/ee\/wp-json\/wp\/v2\/types\/post"}],"author":[{"embeddable":true,"href":"https:\/\/www.europesays.com\/ee\/wp-json\/wp\/v2\/users\/2"}],"replies":[{"embeddable":true,"href":"https:\/\/www.europesays.com\/ee\/wp-json\/wp\/v2\/comments?post=266019"}],"version-history":[{"count":0,"href":"https:\/\/www.europesays.com\/ee\/wp-json\/wp\/v2\/posts\/266019\/revisions"}],"wp:featuredmedia":[{"embeddable":true,"href":"https:\/\/www.europesays.com\/ee\/wp-json\/wp\/v2\/media\/266020"}],"wp:attachment":[{"href":"https:\/\/www.europesays.com\/ee\/wp-json\/wp\/v2\/media?parent=266019"}],"wp:term":[{"taxonomy":"category","embeddable":true,"href":"https:\/\/www.europesays.com\/ee\/wp-json\/wp\/v2\/categories?post=266019"},{"taxonomy":"post_tag","embeddable":true,"href":"https:\/\/www.europesays.com\/ee\/wp-json\/wp\/v2\/tags?post=266019"}],"curies":[{"name":"wp","href":"https:\/\/api.w.org\/{rel}","templated":true}]}}