{"id":266025,"date":"2026-09-01T19:37:13","date_gmt":"2026-09-01T19:37:13","guid":{"rendered":"https:\/\/www.europesays.com\/ee\/266025\/"},"modified":"2026-09-01T19:37:13","modified_gmt":"2026-09-01T19:37:13","slug":"juhtkiri-%e2%9f%a9-vajame-kokkuhoiu-kusimuses-solidaarsust-postimees","status":"publish","type":"post","link":"https:\/\/www.europesays.com\/ee\/266025\/","title":{"rendered":"JUHTKIRI \u27e9 Vajame kokkuhoiu k\u00fcsimuses solidaarsust &#8211; Postimees"},"content":{"rendered":"<ol>\n<li><a href=\"https:\/\/news.google.com\/rss\/articles\/CBMijgFBVV95cUxPWjc1S0lzNE5MZldPNk9jUHdLZUtFQ3hYSVlXWERWY0taSHpGOTIxTnVmcnlhNmpuR05oZnNWTFZYOXl1UUVkUnU1UVVubmRISmI5NlR0RXpKblh4a3NSTFBQZWhxMm1XVDZ4RGo0ZFhDVE9fZmJrSzFlLWZ5ZEd6NkxIaFdNaE1lcjQzMURB?oc=5\" target=\"_blank\" rel=\"nofollow noopener\">JUHTKIRI \u27e9 Vajame kokkuhoiu k\u00fcsimuses solidaarsust<\/a>&nbsp;&nbsp;Postimees<\/li>\n<li><a href=\"https:\/\/news.google.com\/rss\/articles\/CBMirgFBVV95cUxPdHBqbEpkZmg2N2xCNW9BMzhiZ1NZUTFwbGtFQ2haejZ5dlQtejIxbGVYeTNWNDVXOHdpS2Z2ZUxkMzdnUDYzZzBzUnY1bHFqUTBNTWpFVU42amYzR283LVRRbktpTGEzNDBhOUtZT3d4NGNvamhmZjFkSFNpdVI1ZWpFWGJlV1czbUY1SVVUYjlncWtaSm0tZEZqZm40RDN3R0hDYW1JVEhaSkpoRGc?oc=5\" target=\"_blank\" rel=\"nofollow noopener\">Mis saab tervishoiu palgat\u00f5usust? Tervisekassa plaan teeb t\u00f6\u00f6tajad murelikuks<\/a>&nbsp;&nbsp;Postimees<\/li>\n<li><a href=\"https:\/\/news.google.com\/rss\/articles\/CBMipAFBVV95cUxNSUg2anlUa0xIVm5YcWgwR3hVUUxQNkNtcmk0dHhrSzNJcEpTYW5uRFlrbTlfS29kT3FDSWpIRVRBWWJVOF9CbmpNQzY2Ym8wbUdmakNQekxTY2djZkwyTmFmTDVvaloteVljOHlwYVBQWDZyZUM4TmI0djRUZlRpX0F1WDZjTktzMWg4WUplYTBPd2FqQmxRdnoyajVRXzh2Yl94MA?oc=5\" target=\"_blank\" rel=\"nofollow noopener\">V\u00f5rk: tervisekassa kulude v\u00e4hendamine t\u00e4hendab ilmselt j\u00e4rjekordade kasvu<\/a>&nbsp;&nbsp;ERR<\/li>\n<li><a href=\"https:\/\/news.google.com\/rss\/articles\/CBMilAFBVV95cUxOaThyajFkV1otbG1hYkdkT3BpNDRvNTg2djVwTFVRMnFQQ3d0VzgwNWdRaWlDYTVsNkVKQ3hVR29wWG4xcTVvb1FCWXlIZldnZDZNcVZPeDRqZ0JtWFEzaVMwdzZoNm84eGowcHhJT2ZEdk5YeS1ielVKckR0ak94QUgxTWItNWdkY2swNEE1ZWFBRlR1?oc=5\" target=\"_blank\" rel=\"nofollow noopener\">(+) Haiglajuhid ja arstid peavad Jolleri plaani v\u00f5imatuks<\/a>&nbsp;&nbsp;med24.ee<\/li>\n<li><a href=\"https:\/\/news.google.com\/rss\/articles\/CBMiwwFBVV95cUxNNEc0NWFoaC1TZHRNczJnclU4Y1lCLWJLYWpza2h5QnYwbmYyVnh1YnIxUWFIM05fUmF5bGtfeVZuUmRNTzc4eThzLXRJZHdRNWdyM0J2X1RCeDU2ZUU2WklJV3hSa2ZRV05xUEQzQ3BGYkt5UVlWeEFVNXRMU3Q2M3RfNjBYWk9jVnFETFVCYW9XbmtZNUI0TjhiaklpS0cxRjhqdFJFNUk5QnpjOVBoM3JVcDZSRWlqXzB6OHFGZ1pvdGs?oc=5\" target=\"_blank\" rel=\"nofollow noopener\">Tervisekassa avalikustas eelarve p\u00e4\u00e4steplaani, kuid sellel on oma hind<\/a>&nbsp;&nbsp;Inbox.eu<\/li>\n<\/ol>\n","protected":false},"excerpt":{"rendered":"JUHTKIRI \u27e9 Vajame kokkuhoiu k\u00fcsimuses solidaarsust&nbsp;&nbsp;Postimees Mis saab tervishoiu palgat\u00f5usust? Tervisekassa plaan teeb t\u00f6\u00f6tajad murelikuks&nbsp;&nbsp;Postimees V\u00f5rk: tervisekassa kulude&hellip;\n","protected":false},"author":2,"featured_media":266026,"comment_status":"","ping_status":"","sticky":false,"template":"","format":"standard","meta":{"footnotes":"","_share_on_mastodon":"0"},"categories":[12],"tags":[2597,103241,26,27,37412,37,33,35,68573,34,36,31,32,21,1793,1020,28,29,6375,103240,19,2415,25,3625,103242,512,562,23,24,22,20,30],"class_list":["post-266025","post","type-post","status-publish","format-standard","has-post-thumbnail","category-eesti","tag-arenguseire-keskus","tag-arstide-miinimumpalk","tag-breaking-news","tag-breakingnews","tag-digilahendused","tag-ee","tag-eesti","tag-eesti-keel","tag-eesti-riigivolg","tag-estonia","tag-estonian","tag-featured-news","tag-featurednews","tag-headlines","tag-karmen-joller","tag-kokkuhoid","tag-latest-news","tag-latestnews","tag-mediaanpalk","tag-meedikud","tag-news","tag-palgatous","tag-populaarseimad-lood","tag-sotsiaalmaks","tag-struktuurne-puudujaak","tag-tervisekassa","tag-tervishoid","tag-top-stories","tag-topstories","tag-uldised-uudised","tag-uudised","tag-viimased-uudised"],"share_on_mastodon":{"url":"","error":"Validation failed: Text character limit of 500 exceeded"},"_links":{"self":[{"href":"https:\/\/www.europesays.com\/ee\/wp-json\/wp\/v2\/posts\/266025","targetHints":{"allow":["GET"]}}],"collection":[{"href":"https:\/\/www.europesays.com\/ee\/wp-json\/wp\/v2\/posts"}],"about":[{"href":"https:\/\/www.europesays.com\/ee\/wp-json\/wp\/v2\/types\/post"}],"author":[{"embeddable":true,"href":"https:\/\/www.europesays.com\/ee\/wp-json\/wp\/v2\/users\/2"}],"replies":[{"embeddable":true,"href":"https:\/\/www.europesays.com\/ee\/wp-json\/wp\/v2\/comments?post=266025"}],"version-history":[{"count":0,"href":"https:\/\/www.europesays.com\/ee\/wp-json\/wp\/v2\/posts\/266025\/revisions"}],"wp:featuredmedia":[{"embeddable":true,"href":"https:\/\/www.europesays.com\/ee\/wp-json\/wp\/v2\/media\/266026"}],"wp:attachment":[{"href":"https:\/\/www.europesays.com\/ee\/wp-json\/wp\/v2\/media?parent=266025"}],"wp:term":[{"taxonomy":"category","embeddable":true,"href":"https:\/\/www.europesays.com\/ee\/wp-json\/wp\/v2\/categories?post=266025"},{"taxonomy":"post_tag","embeddable":true,"href":"https:\/\/www.europesays.com\/ee\/wp-json\/wp\/v2\/tags?post=266025"}],"curies":[{"name":"wp","href":"https:\/\/api.w.org\/{rel}","templated":true}]}}