{"id":266049,"date":"2026-09-01T20:33:08","date_gmt":"2026-09-01T20:33:08","guid":{"rendered":"https:\/\/www.europesays.com\/ee\/266049\/"},"modified":"2026-09-01T20:33:08","modified_gmt":"2026-09-01T20:33:08","slug":"zelenskoi-hoiatab-lennufirmasid-venemaa-ohuruum-muutub-vaga-ohtlikuks","status":"publish","type":"post","link":"https:\/\/www.europesays.com\/ee\/266049\/","title":{"rendered":"Zelensk\u00f5i hoiatab lennufirmasid: Venemaa \u00f5huruum muutub v\u00e4ga ohtlikuks"},"content":{"rendered":"<p>Zelensk\u00f5i r\u00f5hutas teisip\u00e4eval Telegramis, et Ukraina ei \u00e4hvarda tsiviillennundust. Tema s\u00f5nul peavad aga <a rel=\"noopener nofollow\" target=\"_blank\" href=\"https:\/\/www.delfi.ee\/teema\/22871535\/moskva\" tag-id=\"22871535\">Moskvasse<\/a>, <a rel=\"noopener nofollow\" target=\"_blank\" href=\"https:\/\/www.delfi.ee\/teema\/26007553\/peterburi\" tag-id=\"26007553\">Peterburi<\/a> ja teistesse Venemaa suurematesse lennunduskeskustesse lendavad ettev\u00f5tted arvestama drooniohuga.<\/p>\n<p>\u201eTahame t\u00e4na hoiatada k\u00f5iki Venemaa \u00f5huruumi kasutavaid lennufirmasid, k\u00f5iki kindlustusandjaid ja k\u00f5iki, kes kasutavad endiselt Venemaa peamisi lennujaamu: Venemaa taevas muutub \u00e4\u00e4rmiselt ohtlikuks,\u201c \u00fctles Zelensk\u00f5i.<\/p>\n<p>\u201eKuigi Venemaa v\u00f5imud ei anna sellest n\u00f5uetekohaselt teada, muutub Venemaa \u00f5huruum sisuliselt suletuks,\u201c lisas ta.<\/p>\n<p>Ukraina presidendi s\u00f5nul on Venemaa selle olukorra enda Ukraina-vastase s\u00f5jaga p\u00f5hjustanud. Ta viitas muu hulgas 1. septembri r\u00fcnnakutele, milles hukkus Kiievis ja Kiievi oblastis 12 ning sai vigastada veel 21 inimest.<\/p>\n<p>\u201eSee on puhtalt Venemaa terror tsiviilelanike vastu. T\u00e4iemahulise sissetungi algusest peale on Venemaa p\u00fc\u00fcdnud blokeerida meie sadamaid ning Venemaa r\u00fcnnakute t\u00f5ttu on Ukraina \u00f5huruum tsiviillennundusele suletud,\u201c \u00fctles Zelensk\u00f5i.<\/p>\n<p>Ta p\u00f6\u00f6rdus ka Kiievis ja Moskvas t\u00f6\u00f6tavate suursaadikute poole ning kutsus neid hoiatama nii oma riikide valitsusi kui ka Venemaale lendavaid lennufirmasid. Ukraina annab Zelensk\u00f5i s\u00f5nul rahvusvahelistele organisatsioonidele ohtude kohta t\u00e4ielikku teavet.<\/p>\n<p>Samas lubas president, et Ukraina on valmis diplomaatiliste visiitide ajaks droonir\u00fcnnakud Venemaa \u00f5huruumis ajutiselt peatama. Nii tehti tema s\u00f5nul ka USA luure keskagentuuri CIA direktori John Ratcliffe\u2019i 25. augusti Moskva-visiidi ajal.<\/p>\n<p>\u201eKui meie partnerid diplomaatia ja l\u00e4bir\u00e4\u00e4kimiste nimel meie poole p\u00f6\u00f6rduvad, tagame, et Venemaa taevas on teatud ajavahemikel ja kindlates suundades droonidest vaba,\u201c \u00fctles Zelensk\u00f5i.<\/p>\n<p>Ukraina droonir\u00fcnnakud Venemaa linnadele, sealhulgas Moskvale, on korduvalt sundinud sealseid lennujaamu ajutiselt t\u00f6\u00f6d peatama. Ukraina ametnike s\u00f5nul on lennuliikluse h\u00e4irimine \u00fcks viis, kuidas panna ka Venemaa elanikud Kremli alustatud s\u00f5ja tagaj\u00e4rgi tunnetama.<\/p>\n<p>Zelensk\u00f5i kinnitas \u00fchtlasi, et Ukraina toetab k\u00f5iki tegelikke samme rahu saavutamiseks. \u201eS\u00f5da peab l\u00f5ppema ja riigijuhid teevad \u00f5igesti, kui \u00fctlevad seda Putinile,\u201c lausus ta.<\/p>\n","protected":false},"excerpt":{"rendered":"Zelensk\u00f5i r\u00f5hutas teisip\u00e4eval Telegramis, et Ukraina ei \u00e4hvarda tsiviillennundust. Tema s\u00f5nul peavad aga Moskvasse, Peterburi ja teistesse Venemaa&hellip;\n","protected":false},"author":2,"featured_media":266050,"comment_status":"","ping_status":"","sticky":false,"template":"","format":"standard","meta":{"footnotes":"","_share_on_mastodon":"0"},"categories":[5],"tags":[26,27,37,33,35,34,36,31,32,21,28,29,108,19,939,25,107,23,24,22,20,30,263],"class_list":["post-266049","post","type-post","status-publish","format-standard","has-post-thumbnail","category-uldised-uudised","tag-breaking-news","tag-breakingnews","tag-ee","tag-eesti","tag-eesti-keel","tag-estonia","tag-estonian","tag-featured-news","tag-featurednews","tag-headlines","tag-latest-news","tag-latestnews","tag-moskva","tag-news","tag-peterburi","tag-populaarseimad-lood","tag-soda-ukrainas","tag-top-stories","tag-topstories","tag-uldised-uudised","tag-uudised","tag-viimased-uudised","tag-volodomor-zelenskoi"],"share_on_mastodon":{"url":"","error":""},"_links":{"self":[{"href":"https:\/\/www.europesays.com\/ee\/wp-json\/wp\/v2\/posts\/266049","targetHints":{"allow":["GET"]}}],"collection":[{"href":"https:\/\/www.europesays.com\/ee\/wp-json\/wp\/v2\/posts"}],"about":[{"href":"https:\/\/www.europesays.com\/ee\/wp-json\/wp\/v2\/types\/post"}],"author":[{"embeddable":true,"href":"https:\/\/www.europesays.com\/ee\/wp-json\/wp\/v2\/users\/2"}],"replies":[{"embeddable":true,"href":"https:\/\/www.europesays.com\/ee\/wp-json\/wp\/v2\/comments?post=266049"}],"version-history":[{"count":0,"href":"https:\/\/www.europesays.com\/ee\/wp-json\/wp\/v2\/posts\/266049\/revisions"}],"wp:featuredmedia":[{"embeddable":true,"href":"https:\/\/www.europesays.com\/ee\/wp-json\/wp\/v2\/media\/266050"}],"wp:attachment":[{"href":"https:\/\/www.europesays.com\/ee\/wp-json\/wp\/v2\/media?parent=266049"}],"wp:term":[{"taxonomy":"category","embeddable":true,"href":"https:\/\/www.europesays.com\/ee\/wp-json\/wp\/v2\/categories?post=266049"},{"taxonomy":"post_tag","embeddable":true,"href":"https:\/\/www.europesays.com\/ee\/wp-json\/wp\/v2\/tags?post=266049"}],"curies":[{"name":"wp","href":"https:\/\/api.w.org\/{rel}","templated":true}]}}