{"id":266087,"date":"2026-09-01T21:26:12","date_gmt":"2026-09-01T21:26:12","guid":{"rendered":"https:\/\/www.europesays.com\/ee\/266087\/"},"modified":"2026-09-01T21:26:12","modified_gmt":"2026-09-01T21:26:12","slug":"zelenskoi-hoiatab-lennufirmasid-venemaa-ohuruum-muutub-vaga-ohtlikuks-2","status":"publish","type":"post","link":"https:\/\/www.europesays.com\/ee\/266087\/","title":{"rendered":"Zelensk\u00f5i hoiatab lennufirmasid: Venemaa \u00f5huruum muutub v\u00e4ga ohtlikuks"},"content":{"rendered":"<p><img decoding=\"async\" src=\"https:\/\/www.europesays.com\/ee\/wp-content\/uploads\/2026\/09\/1788297972_406_ff27984f-9858-46ae-8b78-da8e36372877.jpg\" loading=\"lazy\" alt=\"Ukraina president Volod\u00f5m\u00f5r Zelensk\u00f5i lubab Venemaa \u00f5huruumi de facto sulgeda.\"\/><\/p>\n<p>Ukraina president Volod\u00f5m\u00f5r Zelensk\u00f5i lubab Venemaa \u00f5huruumi de facto sulgeda.<\/p>\n<p>FOTO: IMAGO\/Nicolas Landemard \/ Le Pictorium| IMAGO\/Le Pictorium<\/p>\n<p>Ukraina president Volod\u00f5m\u00f5r Zelensk\u00f5i hoiatas lennufirmasid, kindlustusandjaid ja v\u00e4lisriikide valitsusi, et Ukraina droonir\u00fcnnakute sagenedes muutub Venemaa \u00f5huruumi kasutamine \u00fcha ohtlikumaks ning v\u00f5ib olla peagi sisuliselt v\u00f5imatu.<\/p>\n","protected":false},"excerpt":{"rendered":"Ukraina president Volod\u00f5m\u00f5r Zelensk\u00f5i lubab Venemaa \u00f5huruumi de facto sulgeda. FOTO: IMAGO\/Nicolas Landemard \/ Le Pictorium| IMAGO\/Le Pictorium&hellip;\n","protected":false},"author":2,"featured_media":266088,"comment_status":"","ping_status":"","sticky":false,"template":"","format":"standard","meta":{"footnotes":"","_share_on_mastodon":"0"},"categories":[80],"tags":[26,27,37,33,35,34,36,31,32,21,28,29,95,108,19,939,25,107,23,24,22,20,30,263,92,93,94],"class_list":["post-266087","post","type-post","status-publish","format-standard","has-post-thumbnail","category-maailm","tag-breaking-news","tag-breakingnews","tag-ee","tag-eesti","tag-eesti-keel","tag-estonia","tag-estonian","tag-featured-news","tag-featurednews","tag-headlines","tag-latest-news","tag-latestnews","tag-maailm","tag-moskva","tag-news","tag-peterburi","tag-populaarseimad-lood","tag-soda-ukrainas","tag-top-stories","tag-topstories","tag-uldised-uudised","tag-uudised","tag-viimased-uudised","tag-volodomor-zelenskoi","tag-world","tag-world-news","tag-worldnews"],"share_on_mastodon":{"url":"https:\/\/pubeurope.com\/@ee\/117197903137109348","error":""},"_links":{"self":[{"href":"https:\/\/www.europesays.com\/ee\/wp-json\/wp\/v2\/posts\/266087","targetHints":{"allow":["GET"]}}],"collection":[{"href":"https:\/\/www.europesays.com\/ee\/wp-json\/wp\/v2\/posts"}],"about":[{"href":"https:\/\/www.europesays.com\/ee\/wp-json\/wp\/v2\/types\/post"}],"author":[{"embeddable":true,"href":"https:\/\/www.europesays.com\/ee\/wp-json\/wp\/v2\/users\/2"}],"replies":[{"embeddable":true,"href":"https:\/\/www.europesays.com\/ee\/wp-json\/wp\/v2\/comments?post=266087"}],"version-history":[{"count":0,"href":"https:\/\/www.europesays.com\/ee\/wp-json\/wp\/v2\/posts\/266087\/revisions"}],"wp:featuredmedia":[{"embeddable":true,"href":"https:\/\/www.europesays.com\/ee\/wp-json\/wp\/v2\/media\/266088"}],"wp:attachment":[{"href":"https:\/\/www.europesays.com\/ee\/wp-json\/wp\/v2\/media?parent=266087"}],"wp:term":[{"taxonomy":"category","embeddable":true,"href":"https:\/\/www.europesays.com\/ee\/wp-json\/wp\/v2\/categories?post=266087"},{"taxonomy":"post_tag","embeddable":true,"href":"https:\/\/www.europesays.com\/ee\/wp-json\/wp\/v2\/tags?post=266087"}],"curies":[{"name":"wp","href":"https:\/\/api.w.org\/{rel}","templated":true}]}}