{"id":266109,"date":"2026-09-01T22:09:25","date_gmt":"2026-09-01T22:09:25","guid":{"rendered":"https:\/\/www.europesays.com\/ee\/266109\/"},"modified":"2026-09-01T22:09:25","modified_gmt":"2026-09-01T22:09:25","slug":"teadlased-vooumbermoot-voib-valja-tuua-terviseriski-mida-kehamassiindeks-ei-naita","status":"publish","type":"post","link":"https:\/\/www.europesays.com\/ee\/266109\/","title":{"rendered":"Teadlased: v\u00f6\u00f6\u00fcmberm\u00f5\u00f5t v\u00f5ib v\u00e4lja tuua terviseriski, mida kehamassiindeks ei n\u00e4ita"},"content":{"rendered":"<p>M\u00f5\u00f5dulint v\u00f5ib anda \u00fclekaaluga seotud terviseriskidest parema pildi kui kehamassiindeks, n\u00e4itas Rutgersi \u00fclikooli uuring, <a rel=\"noopener follow nofollow\" target=\"_blank\" href=\"https:\/\/www.sciencedaily.com\/releases\/2026\/08\/260829035208.htm\" data-rel-date-range=\"[]\">vahendab <\/a>portaal Daily Science.<\/p>\n<p class=\"isSelectedEnd\">Kehamassiindeksit arvutatakse inimese pikkuse ja kehakaalu p\u00f5hjal, kuid see ei n\u00e4ita, kui suur osa kaalust tuleb rasvast ega kuhu rasv kehas koguneb. Just k\u00f5hupiirkonna rasvumine on seotud suurema diabeedi, s\u00fcdamehaiguste ja insuldi riskiga. Seet\u00f5ttu v\u00f5ib suurem v\u00f6\u00f6\u00fcmberm\u00f5\u00f5t anda ohusignaali ka inimese puhul, kelle kehamassiindeks ei liigita teda rasvunuks.<\/p>\n<p class=\"isSelectedEnd\">Teadlased anal\u00fc\u00fcsisid 1900 USA t\u00e4iskasvanu andmeid ning v\u00f5rdlesid erinevaid rasvumise hindamise viise t\u00e4pse keharasva m\u00f5\u00f5tmise meetodiga. Selgus, et v\u00f6\u00f6\u00fcmberm\u00f5\u00f5du m\u00f5\u00f5tmine \u00fcksi t\u00f6\u00f6tas peaaegu sama h\u00e4sti kui keerukam s\u00fcsteem, mis \u00fchendab kehamassiindeksi, v\u00f6\u00f6\u00fcmberm\u00f5\u00f5du ning v\u00f6\u00f6 ja pikkuse ja puusade suhte.<\/p>\n<p>Meetod on lihtne: m\u00f5\u00f5detakse inimese v\u00f6\u00f6\u00fcmberm\u00f5\u00f5t ning hinnatakse selle p\u00f5hjal, kas k\u00f5hupiirkonda on kogunenud ebatervislikult palju rasva. Uuringu j\u00e4rgi j\u00e4i kehamassiindeksiga \u00fcksi hinnates m\u00e4rkamata m\u00e4rkimisv\u00e4\u00e4rne osa inimestest, kelle keharasva hulk vastas rasvumise kriteeriumidele.<\/p>\n<p>Kuidas see lugu Sind end tundma pani?Saada<a href=\"https:\/\/forte.delfi.ee\/artikkel\/120607604\/teadlased-vooumbermoot-voib-valja-tuua-terviseriski-mida-kehamassiindeks-ei-naita\/kommentaarid\" class=\"button button--primary button--size-auto article-body-bottom__comment article-body-bottom__comment--write\" style=\"\" rel=\"nofollow noopener\" target=\"_blank\">Kommenteeri<\/a><a href=\"https:\/\/forte.delfi.ee\/artikkel\/120607604\/teadlased-vooumbermoot-voib-valja-tuua-terviseriski-mida-kehamassiindeks-ei-naita\/kommentaarid\" class=\"button button--size-auto article-body-bottom__comment article-body-bottom__comment--read\" style=\"\" rel=\"nofollow noopener\" target=\"_blank\">Loe kommentaare (4)<\/a><\/p>\n","protected":false},"excerpt":{"rendered":"M\u00f5\u00f5dulint v\u00f5ib anda \u00fclekaaluga seotud terviseriskidest parema pildi kui kehamassiindeks, n\u00e4itas Rutgersi \u00fclikooli uuring, vahendab portaal Daily Science.&hellip;\n","protected":false},"author":2,"featured_media":266110,"comment_status":"","ping_status":"","sticky":false,"template":"","format":"standard","meta":{"footnotes":"","_share_on_mastodon":"0"},"categories":[14],"tags":[131,130,37,33,35,34,36,308],"class_list":["post-266109","post","type-post","status-publish","format-standard","has-post-thumbnail","category-ari","tag-ari","tag-business","tag-ee","tag-eesti","tag-eesti-keel","tag-estonia","tag-estonian","tag-tervis"],"share_on_mastodon":{"url":"https:\/\/pubeurope.com\/@ee\/117198072483162447","error":""},"_links":{"self":[{"href":"https:\/\/www.europesays.com\/ee\/wp-json\/wp\/v2\/posts\/266109","targetHints":{"allow":["GET"]}}],"collection":[{"href":"https:\/\/www.europesays.com\/ee\/wp-json\/wp\/v2\/posts"}],"about":[{"href":"https:\/\/www.europesays.com\/ee\/wp-json\/wp\/v2\/types\/post"}],"author":[{"embeddable":true,"href":"https:\/\/www.europesays.com\/ee\/wp-json\/wp\/v2\/users\/2"}],"replies":[{"embeddable":true,"href":"https:\/\/www.europesays.com\/ee\/wp-json\/wp\/v2\/comments?post=266109"}],"version-history":[{"count":0,"href":"https:\/\/www.europesays.com\/ee\/wp-json\/wp\/v2\/posts\/266109\/revisions"}],"wp:featuredmedia":[{"embeddable":true,"href":"https:\/\/www.europesays.com\/ee\/wp-json\/wp\/v2\/media\/266110"}],"wp:attachment":[{"href":"https:\/\/www.europesays.com\/ee\/wp-json\/wp\/v2\/media?parent=266109"}],"wp:term":[{"taxonomy":"category","embeddable":true,"href":"https:\/\/www.europesays.com\/ee\/wp-json\/wp\/v2\/categories?post=266109"},{"taxonomy":"post_tag","embeddable":true,"href":"https:\/\/www.europesays.com\/ee\/wp-json\/wp\/v2\/tags?post=266109"}],"curies":[{"name":"wp","href":"https:\/\/api.w.org\/{rel}","templated":true}]}}