{"id":266113,"date":"2026-09-01T22:21:38","date_gmt":"2026-09-01T22:21:38","guid":{"rendered":"https:\/\/www.europesays.com\/ee\/266113\/"},"modified":"2026-09-01T22:21:38","modified_gmt":"2026-09-01T22:21:38","slug":"euroopa-liit-%e2%9f%a9-mis-saab-norrast-kui-island-liitub-el-iga-maailm-postimees-ee","status":"publish","type":"post","link":"https:\/\/www.europesays.com\/ee\/266113\/","title":{"rendered":"EUROOPA LIIT \u27e9 Mis saab Norrast, kui Island liitub EL-iga &#8211; Maailm &#8211; Postimees.ee"},"content":{"rendered":"<ol>\n<li><a href=\"https:\/\/news.google.com\/rss\/articles\/CBMilAFBVV95cUxPN2plV3Nnbi1fTmpUUlRLYzhKa1l3cVFOM0VCb0pGNnZWSzV4ZER6MzZ2Wk1UeTZjMk9XNGRWZTFlLUdxVENEV3gwSGNxUV9MQmR5N2xWMzZfdEpZVlE4cGdRa18zNkhSUW8wZmVDTlRMalFsV1BZMEZGczJLcFNoUGlicmVJaHZWNFY5S0E5d3lxVGJf?oc=5\" target=\"_blank\" rel=\"nofollow noopener\">EUROOPA LIIT \u27e9 Mis saab Norrast, kui Island liitub EL-iga<\/a>&nbsp;&nbsp;Maailm &#8211; Postimees.ee<\/li>\n<li><a href=\"https:\/\/news.google.com\/rss\/articles\/CBMinwFBVV95cUxQN0ZnWmdoM0VTbGwwT1psOG9PMUlpMWFoNk1GTnlnLTkzOUJET0lidzI5U2FsMWhrbWMtOEd3SDBpRVNYOXlBRHAwVy10T2EtN19WQktzZTJmZXRhcS1zVDRQMmxiVnRIQ2ctUlpjNElKRTlIdzQ3bXZmUUtqMlp2Q2s2eTZDaDJ0VmZiUGZLM205QjBnXzFUTUpVbFVOek0?oc=5\" target=\"_blank\" rel=\"nofollow noopener\">Islandlased h\u00e4\u00e4letasid EL-iga liitumisl\u00e4bir\u00e4\u00e4kimiste j\u00e4tkamise vastu<\/a>&nbsp;&nbsp;ERR<\/li>\n<li><a href=\"https:\/\/news.google.com\/rss\/articles\/CBMiwgFBVV95cUxNRU1UYlZ0RGxEaUlGSDBoeTFJMFl2THFYekIyNXBlTFA1YU9FS0RrMHA1X0Z3QS1DSjF1X0pudjU2QUNEUTBtRHFJVG5mYUVxU3l6WWowYVdZZlFlTkp6Z2VGSnpNcUQ1Zmk3M0xsVy1zTlppZ1RxcnpsRmFTTzZJYkEzODlSVHhORUtVUzBmVHRXSjkzTzFldTFjcDBXRi1CRHR3MzItNFA1TTFwOHpfcDRGejVrTEJjbWRJSnJDQXNiZw?oc=5\" target=\"_blank\" rel=\"nofollow noopener\">V\u00e4listoimetaja: Islandi vastuseisu ELile vedasid linna ja maa konflikt ning kalap\u00fc\u00fck<\/a>&nbsp;&nbsp;\u00c4rip\u00e4ev<\/li>\n<li><a href=\"https:\/\/news.google.com\/rss\/articles\/CBMilgFBVV95cUxPVjRGajVUUUVBaENNZkUzU2tLeGxqVkhtQVJUOHBfNVlqR1dlQ2xvdXUyRXZzS0xVZEozaldYUHpzdWFZTzA0U05HUnJIX2p6YTMtQWd2ZV9SSi1tRnFkN2dJWXpVU3pPWmJpWW1OcDBld0ExWEZMRnE0RDhUeFNyRUxGdHdvWEtDd2FDWnJ6MjEzUGQ2emfSAZsBQVVfeXFMTnNrUHNnWDZNZV83UUxXN0VvVXd0ZmJaaFZIRDlvLUw0dHBELUZ5YkRtUnp6NVNGMFhfYjNoYUJpUElJeWZTZkVlSFJPTnhocFRlUG1PQTVYQnFsQUNpZ0tOOTBuaVVQdEQ5T3V6aFFrTzNmYUdwM0NJdlVlT282MjBmeWYzSjd0c0VkdzJ0QzI2bHh2ZS04TlBiWGc?oc=5\" target=\"_blank\" rel=\"nofollow noopener\">Eesti esipoliitnarr sarjas islandlasi euroliidu \u00e4rap\u00f5lgamise p\u00e4rast &#8211; Uued Uudised<\/a>&nbsp;&nbsp;Uued uudised<\/li>\n<li><a href=\"https:\/\/news.google.com\/rss\/articles\/CBMinAFBVV95cUxQdU96U0tHdlZ0YUpOdVZLREV5U25JN3E3UVhVbzl4aG5oNHJMSkdxMlV4VVlDc3RxRFlEU1dZZ05pT0dMOWRRa2F2UzhvRThCZUVNb25VVXM4UG5oWGRiaEpBcmdhbDF4bGg0T21Wdmc0dkZPSzR2ZDA3M0V3dDQyZ0VGdklCNUdjWkdMUGxUUHhKWlZOUjhFWnluVGI?oc=5\" target=\"_blank\" rel=\"nofollow noopener\">Island \u00fctles Euroopa Liidule \u201eei\u201c: liitumisk\u00f5nelused j\u00e4\u00e4vad pausile<\/a>&nbsp;&nbsp;\u00d5htuleht<\/li>\n<\/ol>\n","protected":false},"excerpt":{"rendered":"EUROOPA LIIT \u27e9 Mis saab Norrast, kui Island liitub EL-iga&nbsp;&nbsp;Maailm &#8211; Postimees.ee Islandlased h\u00e4\u00e4letasid EL-iga liitumisl\u00e4bir\u00e4\u00e4kimiste j\u00e4tkamise vastu&nbsp;&nbsp;ERR&hellip;\n","protected":false},"author":2,"featured_media":266114,"comment_status":"","ping_status":"","sticky":false,"template":"","format":"standard","meta":{"footnotes":"","_share_on_mastodon":"0"},"categories":[80],"tags":[26,27,37,33,35,103253,34,36,590,31,32,21,2407,28,29,95,19,1437,25,27900,23,24,22,20,30,92,93,94],"class_list":["post-266113","post","type-post","status-publish","format-standard","has-post-thumbnail","category-maailm","tag-breaking-news","tag-breakingnews","tag-ee","tag-eesti","tag-eesti-keel","tag-emp","tag-estonia","tag-estonian","tag-euroopa-liit","tag-featured-news","tag-featurednews","tag-headlines","tag-island","tag-latest-news","tag-latestnews","tag-maailm","tag-news","tag-norra","tag-populaarseimad-lood","tag-referendum","tag-top-stories","tag-topstories","tag-uldised-uudised","tag-uudised","tag-viimased-uudised","tag-world","tag-world-news","tag-worldnews"],"share_on_mastodon":{"url":"https:\/\/pubeurope.com\/@ee\/117198119613318688","error":""},"_links":{"self":[{"href":"https:\/\/www.europesays.com\/ee\/wp-json\/wp\/v2\/posts\/266113","targetHints":{"allow":["GET"]}}],"collection":[{"href":"https:\/\/www.europesays.com\/ee\/wp-json\/wp\/v2\/posts"}],"about":[{"href":"https:\/\/www.europesays.com\/ee\/wp-json\/wp\/v2\/types\/post"}],"author":[{"embeddable":true,"href":"https:\/\/www.europesays.com\/ee\/wp-json\/wp\/v2\/users\/2"}],"replies":[{"embeddable":true,"href":"https:\/\/www.europesays.com\/ee\/wp-json\/wp\/v2\/comments?post=266113"}],"version-history":[{"count":0,"href":"https:\/\/www.europesays.com\/ee\/wp-json\/wp\/v2\/posts\/266113\/revisions"}],"wp:featuredmedia":[{"embeddable":true,"href":"https:\/\/www.europesays.com\/ee\/wp-json\/wp\/v2\/media\/266114"}],"wp:attachment":[{"href":"https:\/\/www.europesays.com\/ee\/wp-json\/wp\/v2\/media?parent=266113"}],"wp:term":[{"taxonomy":"category","embeddable":true,"href":"https:\/\/www.europesays.com\/ee\/wp-json\/wp\/v2\/categories?post=266113"},{"taxonomy":"post_tag","embeddable":true,"href":"https:\/\/www.europesays.com\/ee\/wp-json\/wp\/v2\/tags?post=266113"}],"curies":[{"name":"wp","href":"https:\/\/api.w.org\/{rel}","templated":true}]}}