{"id":266125,"date":"2026-09-01T22:44:11","date_gmt":"2026-09-01T22:44:11","guid":{"rendered":"https:\/\/www.europesays.com\/ee\/266125\/"},"modified":"2026-09-01T22:44:11","modified_gmt":"2026-09-01T22:44:11","slug":"koolid-on-paeva-algusega-paindlikult-umber-kainud-kuid-muutjad-alles-ootavad-murekohti","status":"publish","type":"post","link":"https:\/\/www.europesays.com\/ee\/266125\/","title":{"rendered":"Koolid on p\u00e4eva algusega paindlikult \u00fcmber k\u00e4inud, kuid muutjad alles ootavad murekohti"},"content":{"rendered":"<p class=\"MsoNormal\">Raave lisas, et kuna p\u00f5hikoolid on valdavalt elukohaj\u00e4rgsed, v\u00f5iks lapsed tulla kooli jalgsi v\u00f5i rattaga.<\/p>\n<p class=\"MsoNormal\">Tartu Raatuse kooli lapsevanem Eero Janson kinnitas, et tema laste kooli j\u00f5udmist pole uus kord raskemaks muutnud. \u00abPiirkonnakooli v\u00f5iksid lapsed j\u00f5uda jalgsi, jalgrattaga v\u00f5i \u00fchistranspordiga, ja nii on ka minu lastega,\u00bb mainis ta. \u00abKuna koolip\u00e4eva hilisem algus puudutab paljusid Tartu koole, on ka huviringid ja trennid oma algusaegu kohandanud.\u00bb<\/p>\n<p class=\"MsoNormal\">Koolid on l\u00e4henenud m\u00e4\u00e4rusele paindlikult<\/p>\n<p class=\"MsoNormal\">Tartu Miina H\u00e4rma g\u00fcmnaasiumi direktor Ene Tannberg nentis, et kuigi haridusministeeriumilt tuli ettekirjutus alustada koolip\u00e4eva kell \u00fcheksa, v\u00f5is koolipidaja hoolekogu ettepanekul langetada teistsuguse otsuse. \u00abMeie kool tegutseb praegu ka asenduspindadel ja selles hoones, kus \u00f5pivad 6.\u201312. klassi \u00f5pilased, algavad tunnid kell 8.30, 1.\u20135. klassi majas aga kell \u00fcheksa,\u00bb selgitas Tannberg. \u00abSelline kord on kehtinud juba mitu aastat ja nii j\u00f5uavad ka \u00f5petajad kahe maja vahel liikuda. 8.30 sobib koolip\u00e4eva alustamiseks, sest on oluline, et p\u00e4ev ei veniks liiga pikaks ega segaks spordi- ja huvitegevusi.\u00bb<\/p>\n<p class=\"MsoNormal\">L\u00e4\u00e4nemaa Ridala koolis algab koolip\u00e4ev endiselt kell 8. \u00abSee on kogukonna otsus, mille kohalik omavalitsus heaks kiitis,\u00bb \u00fctles direktor Priit P\u00f5iklik. \u00abSel kellaajal alustamine passib lapsevanemate p\u00e4evakavadega paremini.\u00bb<\/p>\n<p class=\"MsoNormal\">Tallinna 21. koolis ei alga \u00f5ppet\u00f6\u00f6 k\u00f5igis klassides \u00fchel ajal, vaid vastavalt tunniplaanile. \u00abMeil algas koolip\u00e4ev juba enne haridusministeeriumi asendustegevuse m\u00e4\u00e4ruse vastuv\u00f5tmist algklassidel kella \u00fcheksast, \u00fclej\u00e4\u00e4nutel vastavalt v\u00f5imalusele paindlikult \u2013 kaheksast v\u00f5i \u00fcheksast,\u00bb r\u00e4\u00e4kis direktor Meelis Kond. \u00abNii on otsustanud kooli hoolekogu ja linn on sellega n\u00f5ustunud. Eestis ei saa olla nii, et k\u00f5igil koolidel on k\u00f5ik asjad \u00fchel ajal. L\u00e4htuda tuleb kohapealsetest v\u00f5imalustest, kooli suurusest ja muust. Tahetakse ka pikki s\u00f6\u00f6givahetunde, kuid \u00f5ppekavades ette n\u00e4htud koormust v\u00e4hendatud ei ole.\u00bb<\/p>\n","protected":false},"excerpt":{"rendered":"Raave lisas, et kuna p\u00f5hikoolid on valdavalt elukohaj\u00e4rgsed, v\u00f5iks lapsed tulla kooli jalgsi v\u00f5i rattaga. Tartu Raatuse kooli&hellip;\n","protected":false},"author":2,"featured_media":266126,"comment_status":"","ping_status":"","sticky":false,"template":"","format":"standard","meta":{"footnotes":"","_share_on_mastodon":"0"},"categories":[12],"tags":[103255,26,27,37,33,35,34,36,31,32,3932,2507,21,22479,17163,4057,58352,103254,58353,28,29,2534,7150,19,91012,25,96548,56797,17594,23,24,87296,22,20,30],"class_list":["post-266125","post","type-post","status-publish","format-standard","has-post-thumbnail","category-eesti","tag-21-kool","tag-breaking-news","tag-breakingnews","tag-ee","tag-eesti","tag-eesti-keel","tag-estonia","tag-estonian","tag-featured-news","tag-featurednews","tag-haridus-ja-teadusministeerium","tag-haridusministeerium","tag-headlines","tag-htm","tag-kellaaeg","tag-koolid","tag-koolipaeva-algus","tag-koolipaeva-alguse-kellaaeg","tag-laanemaa-uhisgumnaasium","tag-latest-news","tag-latestnews","tag-miina-harma-gumnaasium","tag-muudatus","tag-news","tag-noarootsi-gumnaasium","tag-populaarseimad-lood","tag-ridala-kool","tag-sindi-gumnaasium","tag-tallinna-haridusamet","tag-top-stories","tag-topstories","tag-uldhariduskoolid","tag-uldised-uudised","tag-uudised","tag-viimased-uudised"],"share_on_mastodon":{"url":"","error":"Validation failed: Text character limit of 500 exceeded"},"_links":{"self":[{"href":"https:\/\/www.europesays.com\/ee\/wp-json\/wp\/v2\/posts\/266125","targetHints":{"allow":["GET"]}}],"collection":[{"href":"https:\/\/www.europesays.com\/ee\/wp-json\/wp\/v2\/posts"}],"about":[{"href":"https:\/\/www.europesays.com\/ee\/wp-json\/wp\/v2\/types\/post"}],"author":[{"embeddable":true,"href":"https:\/\/www.europesays.com\/ee\/wp-json\/wp\/v2\/users\/2"}],"replies":[{"embeddable":true,"href":"https:\/\/www.europesays.com\/ee\/wp-json\/wp\/v2\/comments?post=266125"}],"version-history":[{"count":0,"href":"https:\/\/www.europesays.com\/ee\/wp-json\/wp\/v2\/posts\/266125\/revisions"}],"wp:featuredmedia":[{"embeddable":true,"href":"https:\/\/www.europesays.com\/ee\/wp-json\/wp\/v2\/media\/266126"}],"wp:attachment":[{"href":"https:\/\/www.europesays.com\/ee\/wp-json\/wp\/v2\/media?parent=266125"}],"wp:term":[{"taxonomy":"category","embeddable":true,"href":"https:\/\/www.europesays.com\/ee\/wp-json\/wp\/v2\/categories?post=266125"},{"taxonomy":"post_tag","embeddable":true,"href":"https:\/\/www.europesays.com\/ee\/wp-json\/wp\/v2\/tags?post=266125"}],"curies":[{"name":"wp","href":"https:\/\/api.w.org\/{rel}","templated":true}]}}