{"id":266155,"date":"2026-09-02T00:18:16","date_gmt":"2026-09-02T00:18:16","guid":{"rendered":"https:\/\/www.europesays.com\/ee\/266155\/"},"modified":"2026-09-02T00:18:16","modified_gmt":"2026-09-02T00:18:16","slug":"el-kavandab-venemaa-sojatoostusele-seni-rangimat-sanktsioonipaketti-valismaa","status":"publish","type":"post","link":"https:\/\/www.europesays.com\/ee\/266155\/","title":{"rendered":"EL kavandab Venemaa s\u00f5jat\u00f6\u00f6stusele seni r\u00e4ngimat sanktsioonipaketti | V\u00e4lismaa"},"content":{"rendered":"<p>Euroopa Liidu kaitseministrid arutasid Iirimaal Ukraina toetamist ja Vene h\u00fcbriidr\u00fcnnakute t\u00f5rjumist.<\/p>\n<p>Vene h\u00fcbriidr\u00fcnnakud on mure kogu Euroopale, \u00fctlesid sakslased p\u00e4rast kinnitust, et augusti algul Lepizigs toimunud r\u00fcnnaku taga oli Venemaa.<\/p>\n<p>&#8220;See on midagi, mis ei puuduta vaid \u00fchte liikmesriiki, vaid see m\u00f5jutab k\u00f5iki liikmesriike,&#8221; \u00fctles Saksamaa kaitseministeeriumi riigisekret\u00e4r Sebastian Hartmann.<\/p>\n<p>Euroopa huvides on selgelt n\u00e4idata, et n\u00e4eme seda h\u00fcbriids\u00f5jana, lisas ta. Sanktsioonide j\u00f5ustamisel peab tegema rohkem koost\u00f6\u00f6d.<\/p>\n<p>&#8220;Kahtlust pole, k\u00f5ik silmad peavad olema Vene varilaevastikul. Ebam\u00e4\u00e4rasus on vastuv\u00f5etamatu, kui Venemaa kasutab seda illegaalse agressioonis\u00f5ja rahastamiseks,&#8221; s\u00f5nas Hartmann.<\/p>\n<p>&#8220;Venemaa paneb meid pidevalt proovile minnes kogu aeg sammhaaval kaugemale. Me peame vastama. Sellep\u00e4rast paneme praegu kokku Vene s\u00f5jat\u00f6\u00f6stusele seni suurimat sanktsioonipaketti,&#8221; lausus Euroopa Liidu v\u00e4lisasjade k\u00f5rge esindaja Kaja Kallas.<\/p>\n<p>Ka hollandlased r\u00e4\u00e4kisid sellest, et k\u00f5igil on vaja t\u00f5husamat droonit\u00f5rjet.<\/p>\n<p>&#8220;Meil ei ole vaja seda ainult Balti riikides, kus on ka Hollandi s\u00f5durid. Meil on seda vaja ka Hollandis suurtel \u00fcritustel. Meil on vaja samu v\u00f5imeid,&#8221; s\u00f5nas Hollandi relvahangete minister Derk Boswijk.<\/p>\n<p>Ukraina abi kiirendamisel on lootust, sest juba aastad Ungari vastuseisu t\u00f5ttu blokeeritud Euroopa rahurahastust saavad liikmesriigid peagi Ukrainale annetatud varustuse eest fondist tagasimaksed.<\/p>\n<p>&#8220;See summa, mis on seni olnud blokeeritud, on 6,6 miljardit eurot, aga praegu me arutame veel, kui palju sellest l\u00e4heb tagasi liikmesriikidele ja palju l\u00e4heb Ukrainale,&#8221; \u00fctles Kallas.<\/p>\n","protected":false},"excerpt":{"rendered":"Euroopa Liidu kaitseministrid arutasid Iirimaal Ukraina toetamist ja Vene h\u00fcbriidr\u00fcnnakute t\u00f5rjumist. Vene h\u00fcbriidr\u00fcnnakud on mure kogu Euroopale, \u00fctlesid&hellip;\n","protected":false},"author":2,"featured_media":266156,"comment_status":"","ping_status":"","sticky":false,"template":"","format":"standard","meta":{"footnotes":"","_share_on_mastodon":"0"},"categories":[5],"tags":[26,27,103267,37,33,35,34,36,31,32,21,1639,28,29,19,25,103266,23,24,124,22,20,96,30],"class_list":["post-266155","post","type-post","status-publish","format-standard","has-post-thumbnail","category-uldised-uudised","tag-breaking-news","tag-breakingnews","tag-derk-boswijk","tag-ee","tag-eesti","tag-eesti-keel","tag-estonia","tag-estonian","tag-featured-news","tag-featurednews","tag-headlines","tag-kaja-kallas","tag-latest-news","tag-latestnews","tag-news","tag-populaarseimad-lood","tag-sebastian-hartmann","tag-top-stories","tag-topstories","tag-ukraina-soda","tag-uldised-uudised","tag-uudised","tag-venemaa","tag-viimased-uudised"],"share_on_mastodon":{"url":"https:\/\/pubeurope.com\/@ee\/117198579776618125","error":""},"_links":{"self":[{"href":"https:\/\/www.europesays.com\/ee\/wp-json\/wp\/v2\/posts\/266155","targetHints":{"allow":["GET"]}}],"collection":[{"href":"https:\/\/www.europesays.com\/ee\/wp-json\/wp\/v2\/posts"}],"about":[{"href":"https:\/\/www.europesays.com\/ee\/wp-json\/wp\/v2\/types\/post"}],"author":[{"embeddable":true,"href":"https:\/\/www.europesays.com\/ee\/wp-json\/wp\/v2\/users\/2"}],"replies":[{"embeddable":true,"href":"https:\/\/www.europesays.com\/ee\/wp-json\/wp\/v2\/comments?post=266155"}],"version-history":[{"count":0,"href":"https:\/\/www.europesays.com\/ee\/wp-json\/wp\/v2\/posts\/266155\/revisions"}],"wp:featuredmedia":[{"embeddable":true,"href":"https:\/\/www.europesays.com\/ee\/wp-json\/wp\/v2\/media\/266156"}],"wp:attachment":[{"href":"https:\/\/www.europesays.com\/ee\/wp-json\/wp\/v2\/media?parent=266155"}],"wp:term":[{"taxonomy":"category","embeddable":true,"href":"https:\/\/www.europesays.com\/ee\/wp-json\/wp\/v2\/categories?post=266155"},{"taxonomy":"post_tag","embeddable":true,"href":"https:\/\/www.europesays.com\/ee\/wp-json\/wp\/v2\/tags?post=266155"}],"curies":[{"name":"wp","href":"https:\/\/api.w.org\/{rel}","templated":true}]}}