{"id":266163,"date":"2026-09-02T00:39:18","date_gmt":"2026-09-02T00:39:18","guid":{"rendered":"https:\/\/www.europesays.com\/ee\/266163\/"},"modified":"2026-09-02T00:39:18","modified_gmt":"2026-09-02T00:39:18","slug":"leon-glikman-%e2%9f%a9-voonakeste-vaikimine-eesti-karistusoiguses","status":"publish","type":"post","link":"https:\/\/www.europesays.com\/ee\/266163\/","title":{"rendered":"LEON GLIKMAN \u27e9 Voonakeste vaikimine Eesti karistus\u00f5iguses"},"content":{"rendered":"<p class=\"MsoNormal\">Minu emotsioonid olid uudist lugedes nagu ikooniline teatrimask, kus \u00fcks silm naerab ja teine nutab. On r\u00f5\u00f5mustav, et kohus oli s\u00f5ltumatu \u00f5igusem\u00f5istjana \u00fclesannete k\u00f5rgusel. Kurvaks teeb, et sellised kaasused \u00fcldse Eestis kohtusse j\u00f5uavad. Meenutagem, et tollast justiitsministrit Laanetit, kes ilmselgelt on \u00fcks Eesti l\u00e4bivalgustatumaid inimesi, tabas ootamatult m\u00f5ni p\u00e4ev p\u00e4rast avalikku t\u00fcli endise peaprokur\u00f6riga meedias\u00fc\u00fcdistuste laviin ja seej\u00e4rel kriminaalmenetlus, mille l\u00fchisisu oli valeandmete esitamine avalike h\u00fcvede kuritarvitamise eesm\u00e4rgil. Loomulikult s\u00fcndis see Rooma pimeda \u00f5igusjumalanna Justitia tahtel, kel \u00fches k\u00e4es kaalud ja teises m\u00f5\u00f5k.<\/p>\n","protected":false},"excerpt":{"rendered":"Minu emotsioonid olid uudist lugedes nagu ikooniline teatrimask, kus \u00fcks silm naerab ja teine nutab. On r\u00f5\u00f5mustav, et&hellip;\n","protected":false},"author":2,"featured_media":266164,"comment_status":"","ping_status":"","sticky":false,"template":"","format":"standard","meta":{"footnotes":"","_share_on_mastodon":"0"},"categories":[12],"tags":[26,27,37,33,103270,35,34,36,31,32,21,731,13758,28,29,103269,19,3458,25,10094,80427,5641,103271,51903,103272,23946,23,24,22,20,30,103268],"class_list":["post-266163","post","type-post","status-publish","format-standard","has-post-thumbnail","category-eesti","tag-breaking-news","tag-breakingnews","tag-ee","tag-eesti","tag-eesti-karistusoigus","tag-eesti-keel","tag-estonia","tag-estonian","tag-featured-news","tag-featurednews","tag-headlines","tag-isamaa","tag-kalle-laanet","tag-latest-news","tag-latestnews","tag-malle-seppik","tag-news","tag-oiguskantsler","tag-populaarseimad-lood","tag-prokuratuur","tag-rait-maruste","tag-riigikohus","tag-riigivastutuse-seadus","tag-sirle-melk","tag-suuteomenetluses-tekitatud-kahju-huvitamise-seadus","tag-taavi-pern","tag-top-stories","tag-topstories","tag-uldised-uudised","tag-uudised","tag-viimased-uudised","tag-voonakeste-vaikimine-eesti-karistusoiguses"],"share_on_mastodon":{"url":"","error":"Validation failed: Text character limit of 500 exceeded"},"_links":{"self":[{"href":"https:\/\/www.europesays.com\/ee\/wp-json\/wp\/v2\/posts\/266163","targetHints":{"allow":["GET"]}}],"collection":[{"href":"https:\/\/www.europesays.com\/ee\/wp-json\/wp\/v2\/posts"}],"about":[{"href":"https:\/\/www.europesays.com\/ee\/wp-json\/wp\/v2\/types\/post"}],"author":[{"embeddable":true,"href":"https:\/\/www.europesays.com\/ee\/wp-json\/wp\/v2\/users\/2"}],"replies":[{"embeddable":true,"href":"https:\/\/www.europesays.com\/ee\/wp-json\/wp\/v2\/comments?post=266163"}],"version-history":[{"count":0,"href":"https:\/\/www.europesays.com\/ee\/wp-json\/wp\/v2\/posts\/266163\/revisions"}],"wp:featuredmedia":[{"embeddable":true,"href":"https:\/\/www.europesays.com\/ee\/wp-json\/wp\/v2\/media\/266164"}],"wp:attachment":[{"href":"https:\/\/www.europesays.com\/ee\/wp-json\/wp\/v2\/media?parent=266163"}],"wp:term":[{"taxonomy":"category","embeddable":true,"href":"https:\/\/www.europesays.com\/ee\/wp-json\/wp\/v2\/categories?post=266163"},{"taxonomy":"post_tag","embeddable":true,"href":"https:\/\/www.europesays.com\/ee\/wp-json\/wp\/v2\/tags?post=266163"}],"curies":[{"name":"wp","href":"https:\/\/api.w.org\/{rel}","templated":true}]}}