{"id":266167,"date":"2026-09-02T00:47:12","date_gmt":"2026-09-02T00:47:12","guid":{"rendered":"https:\/\/www.europesays.com\/ee\/266167\/"},"modified":"2026-09-02T00:47:12","modified_gmt":"2026-09-02T00:47:12","slug":"fiba-tuhistas-venemaa-ja-valgevene-mangijatele-seatud-piirangud","status":"publish","type":"post","link":"https:\/\/www.europesays.com\/ee\/266167\/","title":{"rendered":"FIBA t\u00fchistas Venemaa ja Valgevene m\u00e4ngijatele seatud piirangud"},"content":{"rendered":"<p>P\u00e4rast Rahvusvahelise Ol\u00fcmpiakomitee (ROK) hiljutist otsust on Rahvusvaheline Korvpalliliit (FIBA) \u200b\u200bt\u00fchistanud Venemaa ja Valgevene m\u00e4ngijatele, treeneritele ja ametnikele kehtestatud piirangud.<\/p>\n<p>P\u00e4rast Rahvusvahelise Ol\u00fcmpiakomitee otsust t\u00fchistada Venemaa ja Valgevene sportlaste v\u00f5istluskeelud teatas FIBA, et selle t\u00e4itevkomitee kinnitas FIBA \u200b\u200bkoost\u00f6\u00f6d ROK-iga.<\/p>\n","protected":false},"excerpt":{"rendered":"P\u00e4rast Rahvusvahelise Ol\u00fcmpiakomitee (ROK) hiljutist otsust on Rahvusvaheline Korvpalliliit (FIBA) \u200b\u200bt\u00fchistanud Venemaa ja Valgevene m\u00e4ngijatele, treeneritele ja ametnikele&hellip;\n","protected":false},"author":2,"featured_media":266168,"comment_status":"","ping_status":"","sticky":false,"template":"","format":"standard","meta":{"footnotes":"","_share_on_mastodon":"0"},"categories":[18],"tags":[1526,37,33,35,34,36,1517,172,1520,1513,1514,1518,1524,1515,1529,1530,1523,1519,1522,1525,1528,1527,159,158,1535,1534,1521,1532,1533,1230,1531,1516,1192],"class_list":["post-266167","post","type-post","status-publish","format-standard","has-post-thumbnail","category-sport","tag-autoralli","tag-ee","tag-eesti","tag-eesti-keel","tag-estonia","tag-estonian","tag-finaal","tag-jalgpall","tag-koondis","tag-korvpall","tag-liiga","tag-mang","tag-martin-jarveoja","tag-medal","tag-olumpia","tag-olumpiamangud","tag-ott-tanak","tag-poks","tag-postimees-sport","tag-postimees-wrc","tag-spordi-uudised","tag-spordiuudised","tag-sport","tag-sports","tag-suveolumpia","tag-suveolumpiamangud","tag-tiitel","tag-tokio","tag-tokio2020","tag-tokyo","tag-tokyo2020","tag-voistlus","tag-wrc"],"share_on_mastodon":{"url":"https:\/\/pubeurope.com\/@ee\/117198693679302934","error":""},"_links":{"self":[{"href":"https:\/\/www.europesays.com\/ee\/wp-json\/wp\/v2\/posts\/266167","targetHints":{"allow":["GET"]}}],"collection":[{"href":"https:\/\/www.europesays.com\/ee\/wp-json\/wp\/v2\/posts"}],"about":[{"href":"https:\/\/www.europesays.com\/ee\/wp-json\/wp\/v2\/types\/post"}],"author":[{"embeddable":true,"href":"https:\/\/www.europesays.com\/ee\/wp-json\/wp\/v2\/users\/2"}],"replies":[{"embeddable":true,"href":"https:\/\/www.europesays.com\/ee\/wp-json\/wp\/v2\/comments?post=266167"}],"version-history":[{"count":0,"href":"https:\/\/www.europesays.com\/ee\/wp-json\/wp\/v2\/posts\/266167\/revisions"}],"wp:featuredmedia":[{"embeddable":true,"href":"https:\/\/www.europesays.com\/ee\/wp-json\/wp\/v2\/media\/266168"}],"wp:attachment":[{"href":"https:\/\/www.europesays.com\/ee\/wp-json\/wp\/v2\/media?parent=266167"}],"wp:term":[{"taxonomy":"category","embeddable":true,"href":"https:\/\/www.europesays.com\/ee\/wp-json\/wp\/v2\/categories?post=266167"},{"taxonomy":"post_tag","embeddable":true,"href":"https:\/\/www.europesays.com\/ee\/wp-json\/wp\/v2\/tags?post=266167"}],"curies":[{"name":"wp","href":"https:\/\/api.w.org\/{rel}","templated":true}]}}