{"id":266177,"date":"2026-09-02T00:59:40","date_gmt":"2026-09-02T00:59:40","guid":{"rendered":"https:\/\/www.europesays.com\/ee\/266177\/"},"modified":"2026-09-02T00:59:40","modified_gmt":"2026-09-02T00:59:40","slug":"eesti-pank-ekspordist-sai-majanduskasvu-peamine-vedur","status":"publish","type":"post","link":"https:\/\/www.europesays.com\/ee\/266177\/","title":{"rendered":"Eesti Pank: ekspordist sai majanduskasvu peamine vedur"},"content":{"rendered":"<p>Eesti Panga \u00f6konomisti Kaspar Oja s\u00f5nul oli teise kvartali majanduskasvu peamiseks veduriks kaupade eksport, mis suurenes m\u00f6\u00f6dunud aastaga v\u00f5rreldes 4,2%. Ekspordimahtude kasv peegeldus eriti m\u00e4rgatavalt t\u00f6\u00f6tleva t\u00f6\u00f6stuse n\u00e4itajates, vahendab BNS.<\/p>\n<p data-path-to-node=\"1\">Statistikaameti andmetel kasvas Eesti sisemajanduse koguprodukt (SKP) teises kvartalis v\u00f5rreldes m\u00f6\u00f6dunud aasta sama perioodiga 1,8% ja v\u00f5rreldes esimese kvartaliga 0,3%.<\/p>\n<p data-path-to-node=\"2\">\u201eEesti kaupade ja teenuste eksport kasvas eelk\u00f5ige euroala riikidesse, kuhu hinnat\u00f5usu m\u00f5ju arvesse v\u00f5ttes ehk p\u00fcsivhindades eksporditi \u00fcle 9% rohkem kaupu ja teenuseid kui aasta varem. Samal ajal eksport nii v\u00e4ljapoole Euroopa Liitu kui ka euroalasse mittekuuluvatesse ELi riikidesse v\u00e4henes. Sarnast suundumust on n\u00e4ha ka t\u00f6\u00f6tleva t\u00f6\u00f6stuse m\u00fc\u00fcgis,\u201c m\u00e4rkis Oja.<\/p>\n<p data-path-to-node=\"3\">\u00d6konomisti s\u00f5nul andis Eesti ettev\u00f5tete ja kodumajapidamiste sisen\u00f5udlus majanduskasvu ootamatult v\u00e4ikese panuse, eelk\u00f5ige ettev\u00f5tete investeeringute v\u00e4henemise t\u00f5ttu.<\/p>\n<p data-path-to-node=\"4\">\u201eSamal ajal kasvasid nii ehitusmahud kui ka kapitalikaupade import. Investeeringute t\u00e4pne hindamine jooksval perioodil on keeruline ning minevikus on esialgseid hinnanguid nende kasvule sageli hiljem \u00fclespoole korrigeeritud. Seet\u00f5ttu pole v\u00e4listatud, et uute andmete laekumisel osutub ka teise kvartali investeeringute hinnang positiivsemaks,\u201c selgitas ta.<\/p>\n<p data-path-to-node=\"5\">Kodumajapidamiste kulutused kaupadele ja teenustele kasvasid teises kvartalis aeglasemalt kui esimeses. Oja s\u00f5nul on see osalt seotud inflatsiooni kiirenemisega, millele aitas kaasa k\u00fctuse kallinemine.<\/p>\n<p data-path-to-node=\"6\">\u201eHinnamuutuse arvutamisel SKPs v\u00f5etakse arvesse, kui palju kaupu ja teenuseid jooksval perioodil tarbitakse. Tarbijahinnaindeksi arvutamisel kasutatakse eelmise aasta keskmist tarbimist. Seet\u00f5ttu v\u00f5ib SKP komponentide hinnamuutus erineda tarbijahinnaindeksi n\u00e4itajatest,\u201c m\u00e4rkis \u00f6konomist.<\/p>\n<p data-path-to-node=\"7\">\u00dcksikute tegevusalade seas paistab silma m\u00f5ningate sise turule suunatud sektorite oodatust n\u00f5rgem d\u00fcnaamika. Oja hinnangul v\u00f5is neid m\u00f5jutada kiire hinnat\u00f5us, eelk\u00f5ige k\u00fctuse kallinemine. N\u00e4iteks v\u00e4henes lisandv\u00e4\u00e4rtus kaubanduses p\u00fcsivhindades v\u00f5rreldes m\u00f6\u00f6dunud aastaga 3%, samal ajal kui jooksevhindades kasvas see peaaegu 11%.<\/p>\n<p data-path-to-node=\"8\">\u201eKuigi SKP kasv oli teises kvartalis aeglasem kui esimeses, on ettev\u00f5tete hinnangud majanduse olukorrale muutunud positiivsemaks ja viitavad sellele, hogy aasta teisel poolel majanduskasv j\u00e4tkub,\u201c prognoosib Oja.<\/p>\n<p data-path-to-node=\"9\">Eesti Pank avaldab uue majandusprognoosi 22. septembril.<\/p>\n","protected":false},"excerpt":{"rendered":"Eesti Panga \u00f6konomisti Kaspar Oja s\u00f5nul oli teise kvartali majanduskasvu peamiseks veduriks kaupade eksport, mis suurenes m\u00f6\u00f6dunud aastaga&hellip;\n","protected":false},"author":2,"featured_media":266178,"comment_status":"","ping_status":"","sticky":false,"template":"","format":"standard","meta":{"footnotes":"","_share_on_mastodon":"0"},"categories":[14],"tags":[131,130,103274,37,33,35,2183,34,36,47160,2675,69],"class_list":["post-266177","post","type-post","status-publish","format-standard","has-post-thumbnail","category-ari","tag-ari","tag-business","tag-dunaamika","tag-ee","tag-eesti","tag-eesti-keel","tag-eesti-pank","tag-estonia","tag-estonian","tag-lisandvaartus","tag-majandusprognoos","tag-skp"],"share_on_mastodon":{"url":"https:\/\/pubeurope.com\/@ee\/117198740747813824","error":""},"_links":{"self":[{"href":"https:\/\/www.europesays.com\/ee\/wp-json\/wp\/v2\/posts\/266177","targetHints":{"allow":["GET"]}}],"collection":[{"href":"https:\/\/www.europesays.com\/ee\/wp-json\/wp\/v2\/posts"}],"about":[{"href":"https:\/\/www.europesays.com\/ee\/wp-json\/wp\/v2\/types\/post"}],"author":[{"embeddable":true,"href":"https:\/\/www.europesays.com\/ee\/wp-json\/wp\/v2\/users\/2"}],"replies":[{"embeddable":true,"href":"https:\/\/www.europesays.com\/ee\/wp-json\/wp\/v2\/comments?post=266177"}],"version-history":[{"count":0,"href":"https:\/\/www.europesays.com\/ee\/wp-json\/wp\/v2\/posts\/266177\/revisions"}],"wp:featuredmedia":[{"embeddable":true,"href":"https:\/\/www.europesays.com\/ee\/wp-json\/wp\/v2\/media\/266178"}],"wp:attachment":[{"href":"https:\/\/www.europesays.com\/ee\/wp-json\/wp\/v2\/media?parent=266177"}],"wp:term":[{"taxonomy":"category","embeddable":true,"href":"https:\/\/www.europesays.com\/ee\/wp-json\/wp\/v2\/categories?post=266177"},{"taxonomy":"post_tag","embeddable":true,"href":"https:\/\/www.europesays.com\/ee\/wp-json\/wp\/v2\/tags?post=266177"}],"curies":[{"name":"wp","href":"https:\/\/api.w.org\/{rel}","templated":true}]}}