{"id":266193,"date":"2026-09-02T01:23:23","date_gmt":"2026-09-02T01:23:23","guid":{"rendered":"https:\/\/www.europesays.com\/ee\/266193\/"},"modified":"2026-09-02T01:23:23","modified_gmt":"2026-09-02T01:23:23","slug":"2029-aasta-vanaduspensioniiga-on-65-aastat-ja-neli-kuud","status":"publish","type":"post","link":"https:\/\/www.europesays.com\/ee\/266193\/","title":{"rendered":"2029. aasta vanaduspensioniiga on 65 aastat ja neli kuud"},"content":{"rendered":"<p class=\"western\">Seaduse j\u00e4rgi tuleb pensionile mineku vanus m\u00e4\u00e4rusega kinnitada kaks aastat varem. Alates 2027. aastast kehtib uus, juba 2018. aastal kinnitatud kord, kus iga kalendriaasta kohta kehtestatakse uus vanaduspensioniiga. Ehk pensionile j\u00e4\u00e4mise v\u00f5imalus ei s\u00f5ltu enam inimese s\u00fcnniaastast, vaid tema vanusest konkreetselt kalendriaastal.<\/p>\n<p class=\"western\">Vanaduspensioniiga s\u00f5ltub 65aastaste inimeste eeldatavast elueast ja seda arvutatakse viieaastase perioodi keskmisena. N\u00e4iteks 2029. aasta pensioniea arvutamisel v\u00f5etakse aluseks aastate 2021\u20132025 keskmine eeldatav eluiga.<\/p>\n<p class=\"western\">2029. aasta pensioniiga puudutab inimesi, kes on s\u00fcndinud ajavahemikus 1963. aasta oktoobrist kuni 1964. aasta augustini. 1964. aasta septembrist alates s\u00fcndinute pensioniiga s\u00f5ltub juba 2030. aastaks kehtestatavast pensionieast.<\/p>\n<p class=\"western\">Pensioniea t\u00f5stmine on Euroopa Liidu liikmesriikides laialdaselt kasutusele v\u00f5etud meede, et leevendada demograafilist survet riiklikele pensionis\u00fcsteemidele. Mitmes riigis on vanust t\u00f5stetud v\u00f5i see on j\u00e4rk-j\u00e4rgult t\u00f5usmas 67. eluaastani. Lisaks on ELi 27 liikmesriigist 12 otsustanud siduda pensioniea edasise t\u00f5usu automaatselt eeldatava eluea pikenemisega. Tulenevalt rahvastiku \u00fcldisest vananemisest p\u00f6\u00f6ratakse vanemaealiste ehk 55\u201364aastaste t\u00f6\u00f6turule toomisele ja nende t\u00f6\u00f6h\u00f5ive suurendamisele erilist t\u00e4helepanu k\u00f5ikides Euroopa Liidu riikides. Taanis on vanaduspensioniiga 67 aastat, kuid see on t\u00f5usmas 2040. aastaks kuni 70nda eluaastani.<\/p>\n<p class=\"western\">2026. aasta 1. jaanuari seisuga oli Eestis 331 000 pension\u00e4ri, sealhulgas 315 000 vanaduspension\u00e4ri. Rahandusministeeriumi prognoosi j\u00e4rgi kasvab 2060. aastaks pension\u00e4ride arv umbes 340 000ni.<\/p>\n","protected":false},"excerpt":{"rendered":"Seaduse j\u00e4rgi tuleb pensionile mineku vanus m\u00e4\u00e4rusega kinnitada kaks aastat varem. Alates 2027. aastast kehtib uus, juba 2018.&hellip;\n","protected":false},"author":2,"featured_media":266194,"comment_status":"","ping_status":"","sticky":false,"template":"","format":"standard","meta":{"footnotes":"","_share_on_mastodon":"0"},"categories":[12],"tags":[26,27,37,33,35,92627,34,36,590,31,32,21,28,29,19,777,8606,21059,25,1013,1792,264,6537,2161,23,24,22,20,103282,30],"class_list":["post-266193","post","type-post","status-publish","format-standard","has-post-thumbnail","category-eesti","tag-breaking-news","tag-breakingnews","tag-ee","tag-eesti","tag-eesti-keel","tag-eluea-pikenemine","tag-estonia","tag-estonian","tag-euroopa-liit","tag-featured-news","tag-featurednews","tag-headlines","tag-latest-news","tag-latestnews","tag-news","tag-pension","tag-pensionarid","tag-pensionisusteem","tag-populaarseimad-lood","tag-rahandusministeerium","tag-sotsiaalministeerium","tag-taani","tag-toohoive","tag-tooturg","tag-top-stories","tag-topstories","tag-uldised-uudised","tag-uudised","tag-vanaduspensioniiga","tag-viimased-uudised"],"share_on_mastodon":{"url":"https:\/\/pubeurope.com\/@ee\/117198835022683301","error":""},"_links":{"self":[{"href":"https:\/\/www.europesays.com\/ee\/wp-json\/wp\/v2\/posts\/266193","targetHints":{"allow":["GET"]}}],"collection":[{"href":"https:\/\/www.europesays.com\/ee\/wp-json\/wp\/v2\/posts"}],"about":[{"href":"https:\/\/www.europesays.com\/ee\/wp-json\/wp\/v2\/types\/post"}],"author":[{"embeddable":true,"href":"https:\/\/www.europesays.com\/ee\/wp-json\/wp\/v2\/users\/2"}],"replies":[{"embeddable":true,"href":"https:\/\/www.europesays.com\/ee\/wp-json\/wp\/v2\/comments?post=266193"}],"version-history":[{"count":0,"href":"https:\/\/www.europesays.com\/ee\/wp-json\/wp\/v2\/posts\/266193\/revisions"}],"wp:featuredmedia":[{"embeddable":true,"href":"https:\/\/www.europesays.com\/ee\/wp-json\/wp\/v2\/media\/266194"}],"wp:attachment":[{"href":"https:\/\/www.europesays.com\/ee\/wp-json\/wp\/v2\/media?parent=266193"}],"wp:term":[{"taxonomy":"category","embeddable":true,"href":"https:\/\/www.europesays.com\/ee\/wp-json\/wp\/v2\/categories?post=266193"},{"taxonomy":"post_tag","embeddable":true,"href":"https:\/\/www.europesays.com\/ee\/wp-json\/wp\/v2\/tags?post=266193"}],"curies":[{"name":"wp","href":"https:\/\/api.w.org\/{rel}","templated":true}]}}