{"id":266199,"date":"2026-09-02T01:34:22","date_gmt":"2026-09-02T01:34:22","guid":{"rendered":"https:\/\/www.europesays.com\/ee\/266199\/"},"modified":"2026-09-02T01:34:22","modified_gmt":"2026-09-02T01:34:22","slug":"keskerakond-jatab-presidendivalimistel-haaletamise-otsuse-viimasele-hetkele-aga-riigikogu-saali-tullakse-kohale","status":"publish","type":"post","link":"https:\/\/www.europesays.com\/ee\/266199\/","title":{"rendered":"Keskerakond j\u00e4tab presidendivalimistel h\u00e4\u00e4letamise otsuse viimasele hetkele, aga riigikogu saali tullakse kohale"},"content":{"rendered":"<p>Fraktsiooni esimees Lauri Laats m\u00e4rkis, et nad plaanivad olukorda kaardistada. \u201eEks paneme homse p\u00e4eva plaani paika,\u201c lausus ta. \u201eVaatame, mis m\u00f5tted meie fraktsiooni inimestel on.\u201c<\/p>\n<p>K\u00fcsimusele, kas fraktsioon h\u00e4\u00e4letab \u00dclle Madise kandidatuuri suhtes \u00fchtmoodi, vastas ta, et iga riigikogu liikme mandaat on vaba. \u201eFraktsioon v\u00f5tab \u00fchiselt seisukoha, kuidas homme talitame,\u201c m\u00e4rkis ta. \u201eEks me hommikul otsustame, mis fraktsiooni liikmete l\u00f5pparvamus on.\u201c<\/p>\n<p>Seejuures on Laatsi s\u00f5nul Keskerakonna fraktsioon suures saalis kohal. \u201eLugesin kuskil meediast, et Keskerakond ei tule kohale. Ma arvan, et see on algusest saati valeinfo edastamine v\u00f5i valearusaam. Me kindlasti teeme t\u00f6\u00f6d,\u201c lausus ta.<\/p>\n<p>Ka Keskerakond on seda n\u00f5udnud. Siiski pole Laatsi s\u00f5nul nad veel EKRE-lt saanud kutset piketil osaleda. Ta m\u00e4rkis, et kui kutse peaks tulema, siis nad otsustavad, kas osalevad v\u00f5i mitte. <\/p>\n<p>Kas ta ootab kutset? Laats puhkes naerma. \u201eMa pole isegi m\u00f5elnud selle peale,\u201c \u00fctles ta ning lisas, et sai EKRE piketist teada alles eile.<\/p>\n<p>Presidendivalimiste esimene h\u00e4\u00e4letusvoor toimub kolmap\u00e4eval kell 12. Eelmisel n\u00e4dalal registreeris valimiskomisjon presidendikandidaadiks \u00f5iguskantsler \u00dclle Madise, kelle seadsid \u00fcles 75 riigikogu liiget Reformierakonnast, sotsiaaldemokraatidest, Isamaast, Eesti 200-st ja fraktsioonitutest. <\/p>\n<p>Presidendiks saamiseks on riigikogus vaja 68 h\u00e4\u00e4lt. Vajadusel toimuvad teine ja kolmas h\u00e4\u00e4letusvoor j\u00e4rgneval p\u00e4eval. Kui president j\u00e4\u00e4b riigikogus valimata, kutsutakse kokku valimiskogu.<\/p>\n<p>Kuidas see lugu Sind end tundma pani?Saada<a href=\"https:\/\/www.delfi.ee\/artikkel\/120607553\/keskerakond-jatab-presidendivalimistel-haaletamise-otsuse-viimasele-hetkele-aga-riigikogu-saali-tullakse-kohale\/kommentaarid\" class=\"button button--primary button--size-auto article-body-bottom__comment article-body-bottom__comment--write\" style=\"\" rel=\"nofollow noopener\" target=\"_blank\">Kommenteeri<\/a><a href=\"https:\/\/www.delfi.ee\/artikkel\/120607553\/keskerakond-jatab-presidendivalimistel-haaletamise-otsuse-viimasele-hetkele-aga-riigikogu-saali-tullakse-kohale\/kommentaarid\" class=\"button button--size-auto article-body-bottom__comment article-body-bottom__comment--read\" style=\"\" rel=\"nofollow noopener\" target=\"_blank\">Loe kommentaare (79)<\/a><\/p>\n","protected":false},"excerpt":{"rendered":"Fraktsiooni esimees Lauri Laats m\u00e4rkis, et nad plaanivad olukorda kaardistada. \u201eEks paneme homse p\u00e4eva plaani paika,\u201c lausus ta.&hellip;\n","protected":false},"author":2,"featured_media":266200,"comment_status":"","ping_status":"","sticky":false,"template":"","format":"standard","meta":{"footnotes":"","_share_on_mastodon":"0"},"categories":[12],"tags":[687,679,667,26,27,673,688,663,662,37,33,35,684,683,692,34,36,31,32,208,148,21,206,668,669,381,686,677,694,691,339,680,28,29,671,672,377,690,144,678,665,19,693,676,666,25,322,664,150,695,685,159,394,682,674,675,23,24,689,222,22,20,670,681,149,30],"class_list":["post-266199","post","type-post","status-publish","format-standard","has-post-thumbnail","category-eesti","tag-ajaviide","tag-autoleht","tag-blog","tag-breaking-news","tag-breakingnews","tag-cv","tag-date","tag-defli","tag-delfi","tag-ee","tag-eesti","tag-eesti-keel","tag-ekaart","tag-email","tag-erootika","tag-estonia","tag-estonian","tag-featured-news","tag-featurednews","tag-film","tag-foto","tag-headlines","tag-horoskoop","tag-ilm","tag-ilmaennustus","tag-internet","tag-kaart","tag-kava","tag-kindlustus","tag-kinnisvara","tag-kuulutused","tag-lasteleht","tag-latest-news","tag-latestnews","tag-loto","tag-majandus","tag-mangud","tag-mobiil","tag-muusika","tag-naisteleht","tag-naljad","tag-news","tag-otsing","tag-pank","tag-pilt","tag-populaarseimad-lood","tag-raadio","tag-reklaam","tag-seks","tag-sms","tag-solo","tag-sport","tag-tarkvara","tag-tasuta","tag-too","tag-toopakkumised","tag-top-stories","tag-topstories","tag-tutvus","tag-tv","tag-uldised-uudised","tag-uudised","tag-valimised","tag-valuuta","tag-video","tag-viimased-uudised"],"share_on_mastodon":{"url":"","error":"Validation failed: Text character limit of 500 exceeded"},"_links":{"self":[{"href":"https:\/\/www.europesays.com\/ee\/wp-json\/wp\/v2\/posts\/266199","targetHints":{"allow":["GET"]}}],"collection":[{"href":"https:\/\/www.europesays.com\/ee\/wp-json\/wp\/v2\/posts"}],"about":[{"href":"https:\/\/www.europesays.com\/ee\/wp-json\/wp\/v2\/types\/post"}],"author":[{"embeddable":true,"href":"https:\/\/www.europesays.com\/ee\/wp-json\/wp\/v2\/users\/2"}],"replies":[{"embeddable":true,"href":"https:\/\/www.europesays.com\/ee\/wp-json\/wp\/v2\/comments?post=266199"}],"version-history":[{"count":0,"href":"https:\/\/www.europesays.com\/ee\/wp-json\/wp\/v2\/posts\/266199\/revisions"}],"wp:featuredmedia":[{"embeddable":true,"href":"https:\/\/www.europesays.com\/ee\/wp-json\/wp\/v2\/media\/266200"}],"wp:attachment":[{"href":"https:\/\/www.europesays.com\/ee\/wp-json\/wp\/v2\/media?parent=266199"}],"wp:term":[{"taxonomy":"category","embeddable":true,"href":"https:\/\/www.europesays.com\/ee\/wp-json\/wp\/v2\/categories?post=266199"},{"taxonomy":"post_tag","embeddable":true,"href":"https:\/\/www.europesays.com\/ee\/wp-json\/wp\/v2\/tags?post=266199"}],"curies":[{"name":"wp","href":"https:\/\/api.w.org\/{rel}","templated":true}]}}