{"id":266201,"date":"2026-09-02T01:45:25","date_gmt":"2026-09-02T01:45:25","guid":{"rendered":"https:\/\/www.europesays.com\/ee\/266201\/"},"modified":"2026-09-02T01:45:25","modified_gmt":"2026-09-02T01:45:25","slug":"tanasest-alustas-soitu-uus-trammiliin-t6","status":"publish","type":"post","link":"https:\/\/www.europesays.com\/ee\/266201\/","title":{"rendered":"T\u00e4nasest alustas s\u00f5itu uus trammiliin T6"},"content":{"rendered":"<p>Alates 1. septembrist hakkavad paljudel Tallinna \u00fchistranspordiliinidel kehtima s\u00fcgis-talvised s\u00f5iduplaanid ning tihenevad ka v\u00e4ljumised. T\u00e4nasest alustab Kopli\u2013Suur-Paala liinil s\u00f5itmist tramm T6. \u00dchtlasi tasub meeles pidada, et 1. augustist on Tallinna t\u00e4navatel taas trollid, mis teenindavad mitmeid varasemaid bussiliine, sealhulgas liini 72. Samuti teenindavad 1. augustist \u00dclemiste linnakut ja lennujaama trammiliinid T2 ja T4.<\/p>\n<p>Abilinnapea Joel Jesse s\u00f5nul tasub septembri esimestel n\u00e4dalatel k\u00f5igil liiklejatel oma s\u00f5itudeks tavap\u00e4rasest rohkem aega planeerida. \u201eKooliaasta algus muudab Tallinna liikluspilti m\u00e4rgatavalt \u2013 t\u00e4navatel on taas rohkem autosid, \u00fchistranspordi kasutajaid ning lapsi, kellest paljud alles harjuvad oma koolitee ja iseseisva liiklemisega,\u201c \u00fctles ta.<\/p>\n<p>\u201eLiin T6 l\u00e4bib 26 peatust ning s\u00f5iduaeg \u00fchest liini otsast teise on umbes 40 minutit. Trammid hakkavad s\u00f5itma ligikaudu 10-minutilise intervalliga. Kuna liin ei l\u00e4bi Vanasadama haru, pakub see Kopli elanikele kiiremat \u00fchendust mitme kesklinna ja idaosa sihtkohaga,\u201c m\u00e4rkis Jesse.<\/p>\n<p>\u201eT6 k\u00e4ivitamisega saab Tallinna trammiv\u00f5rk p\u00e4rast Vanasadama ja lennujaama trammitee ehitust\u00f6id uue tervikliku korralduse. Suured taristuprojektid muudavad liiniv\u00f5rku ning j\u00e4rgmine samm on panna need \u00fchendused reisijate jaoks v\u00f5imalikult h\u00e4sti toimima,\u201c \u00fctles Jesse.<\/p>\n<p><img decoding=\"async\" src=\"https:\/\/www.europesays.com\/ee\/wp-content\/uploads\/2026\/09\/bcfbb26d-df86-445e-bef7-c318147ae3ea.jpg\" loading=\"lazy\" alt=\"Trammiliin T6\"\/>Kuidas see lugu Sind end tundma pani?Saada<a href=\"https:\/\/www.delfi.ee\/artikkel\/120607514\/tanasest-alustas-soitu-uus-trammiliin-t6\/kommentaarid\" class=\"button button--primary button--size-auto article-body-bottom__comment article-body-bottom__comment--write\" style=\"\" rel=\"nofollow noopener\" target=\"_blank\">Kommenteeri<\/a><a href=\"https:\/\/www.delfi.ee\/artikkel\/120607514\/tanasest-alustas-soitu-uus-trammiliin-t6\/kommentaarid\" class=\"button button--size-auto article-body-bottom__comment article-body-bottom__comment--read\" style=\"\" rel=\"nofollow noopener\" target=\"_blank\">Loe kommentaare (7)<\/a><\/p>\n","protected":false},"excerpt":{"rendered":"Alates 1. septembrist hakkavad paljudel Tallinna \u00fchistranspordiliinidel kehtima s\u00fcgis-talvised s\u00f5iduplaanid ning tihenevad ka v\u00e4ljumised. T\u00e4nasest alustab Kopli\u2013Suur-Paala liinil&hellip;\n","protected":false},"author":2,"featured_media":266202,"comment_status":"","ping_status":"","sticky":false,"template":"","format":"standard","meta":{"footnotes":"","_share_on_mastodon":"0"},"categories":[12],"tags":[687,679,667,26,27,673,688,663,662,37,33,35,684,683,692,34,36,31,32,208,148,21,206,668,669,381,686,677,694,691,339,680,28,29,671,672,377,690,144,678,665,19,693,676,666,25,322,664,150,695,685,159,394,682,674,675,23,24,689,222,22,20,670,681,149,30],"class_list":["post-266201","post","type-post","status-publish","format-standard","has-post-thumbnail","category-eesti","tag-ajaviide","tag-autoleht","tag-blog","tag-breaking-news","tag-breakingnews","tag-cv","tag-date","tag-defli","tag-delfi","tag-ee","tag-eesti","tag-eesti-keel","tag-ekaart","tag-email","tag-erootika","tag-estonia","tag-estonian","tag-featured-news","tag-featurednews","tag-film","tag-foto","tag-headlines","tag-horoskoop","tag-ilm","tag-ilmaennustus","tag-internet","tag-kaart","tag-kava","tag-kindlustus","tag-kinnisvara","tag-kuulutused","tag-lasteleht","tag-latest-news","tag-latestnews","tag-loto","tag-majandus","tag-mangud","tag-mobiil","tag-muusika","tag-naisteleht","tag-naljad","tag-news","tag-otsing","tag-pank","tag-pilt","tag-populaarseimad-lood","tag-raadio","tag-reklaam","tag-seks","tag-sms","tag-solo","tag-sport","tag-tarkvara","tag-tasuta","tag-too","tag-toopakkumised","tag-top-stories","tag-topstories","tag-tutvus","tag-tv","tag-uldised-uudised","tag-uudised","tag-valimised","tag-valuuta","tag-video","tag-viimased-uudised"],"share_on_mastodon":{"url":"","error":"Validation failed: Text character limit of 500 exceeded"},"_links":{"self":[{"href":"https:\/\/www.europesays.com\/ee\/wp-json\/wp\/v2\/posts\/266201","targetHints":{"allow":["GET"]}}],"collection":[{"href":"https:\/\/www.europesays.com\/ee\/wp-json\/wp\/v2\/posts"}],"about":[{"href":"https:\/\/www.europesays.com\/ee\/wp-json\/wp\/v2\/types\/post"}],"author":[{"embeddable":true,"href":"https:\/\/www.europesays.com\/ee\/wp-json\/wp\/v2\/users\/2"}],"replies":[{"embeddable":true,"href":"https:\/\/www.europesays.com\/ee\/wp-json\/wp\/v2\/comments?post=266201"}],"version-history":[{"count":0,"href":"https:\/\/www.europesays.com\/ee\/wp-json\/wp\/v2\/posts\/266201\/revisions"}],"wp:featuredmedia":[{"embeddable":true,"href":"https:\/\/www.europesays.com\/ee\/wp-json\/wp\/v2\/media\/266202"}],"wp:attachment":[{"href":"https:\/\/www.europesays.com\/ee\/wp-json\/wp\/v2\/media?parent=266201"}],"wp:term":[{"taxonomy":"category","embeddable":true,"href":"https:\/\/www.europesays.com\/ee\/wp-json\/wp\/v2\/categories?post=266201"},{"taxonomy":"post_tag","embeddable":true,"href":"https:\/\/www.europesays.com\/ee\/wp-json\/wp\/v2\/tags?post=266201"}],"curies":[{"name":"wp","href":"https:\/\/api.w.org\/{rel}","templated":true}]}}