{"id":266219,"date":"2026-09-02T02:30:52","date_gmt":"2026-09-02T02:30:52","guid":{"rendered":"https:\/\/www.europesays.com\/ee\/266219\/"},"modified":"2026-09-02T02:30:52","modified_gmt":"2026-09-02T02:30:52","slug":"ida-virumaa-jahimehed-osalesid-muinastulede-ool-toila-rannas","status":"publish","type":"post","link":"https:\/\/www.europesays.com\/ee\/266219\/","title":{"rendered":"Ida-Virumaa jahimehed osalesid muinastulede \u00f6\u00f6l Toila rannas"},"content":{"rendered":"<p>            <a href=\"https:\/\/www.europesays.com\/ee\/wp-content\/uploads\/2026\/09\/ida-viru-muinastulede-too.webp\" data-caption=\"Ida-Viru Jahimeeste Seltsi esindajad hirveskulptuuriga. Fotod: Liis Purgats\"><img loading=\"lazy\" decoding=\"async\" width=\"1536\" height=\"1667\" class=\"entry-thumb td-modal-image\" src=\"https:\/\/www.europesays.com\/ee\/wp-content\/uploads\/2026\/09\/ida-viru-muinastulede-too.webp\"   alt=\"\" title=\"ida-viru muinastulede t\u00f6\u00f6\"\/><\/a>Ida-Viru Jahimeeste Seltsi esindajad hirveskulptuuriga. Fotod: Liis Purgats<\/p>\n<p>29. augustil toimunud muinastulede \u00f6\u00f6l oli Toila rannas kohal ka Ida-Viru Jahimeeste Seltsi esindajad. K\u00fclastajatel oli v\u00f5imalus tutvuda ja proovida erinevaid ulukilihast valmistatud valmistooteid ning panna oma teadmised proovile j\u00e4ljetestis.<\/p>\n<p>J\u00e4ljetest osutus v\u00e4ga populaarseks ning osalejaid oli sedav\u00f5rd palju, et tulemuste kontrollimine v\u00f5tab veel veidi aega. Tulemused avaldatakse esimesel v\u00f5imalusel.<\/p>\n<p>Palju t\u00e4helepanu p\u00e4lvis ka IVJSi hirveskulptuur, millest kujunes t\u00f5eline pildistamismagnet.<\/p>\n","protected":false},"excerpt":{"rendered":"Ida-Viru Jahimeeste Seltsi esindajad hirveskulptuuriga. Fotod: Liis Purgats 29. augustil toimunud muinastulede \u00f6\u00f6l oli Toila rannas kohal ka&hellip;\n","protected":false},"author":2,"featured_media":266220,"comment_status":"","ping_status":"","sticky":false,"template":"","format":"standard","meta":{"footnotes":"","_share_on_mastodon":"0"},"categories":[12],"tags":[26,27,37,33,35,34,36,31,32,21,103287,2522,28,29,101765,19,25,103288,900,23,24,22,20,30],"class_list":["post-266219","post","type-post","status-publish","format-standard","has-post-thumbnail","category-eesti","tag-breaking-news","tag-breakingnews","tag-ee","tag-eesti","tag-eesti-keel","tag-estonia","tag-estonian","tag-featured-news","tag-featurednews","tag-headlines","tag-ida-viru-jahimeeste-selts","tag-ida-virumaa","tag-latest-news","tag-latestnews","tag-muinastulede-oo","tag-news","tag-populaarseimad-lood","tag-roila-rand","tag-toila","tag-top-stories","tag-topstories","tag-uldised-uudised","tag-uudised","tag-viimased-uudised"],"share_on_mastodon":{"url":"https:\/\/pubeurope.com\/@ee\/117199103018648764","error":""},"_links":{"self":[{"href":"https:\/\/www.europesays.com\/ee\/wp-json\/wp\/v2\/posts\/266219","targetHints":{"allow":["GET"]}}],"collection":[{"href":"https:\/\/www.europesays.com\/ee\/wp-json\/wp\/v2\/posts"}],"about":[{"href":"https:\/\/www.europesays.com\/ee\/wp-json\/wp\/v2\/types\/post"}],"author":[{"embeddable":true,"href":"https:\/\/www.europesays.com\/ee\/wp-json\/wp\/v2\/users\/2"}],"replies":[{"embeddable":true,"href":"https:\/\/www.europesays.com\/ee\/wp-json\/wp\/v2\/comments?post=266219"}],"version-history":[{"count":0,"href":"https:\/\/www.europesays.com\/ee\/wp-json\/wp\/v2\/posts\/266219\/revisions"}],"wp:featuredmedia":[{"embeddable":true,"href":"https:\/\/www.europesays.com\/ee\/wp-json\/wp\/v2\/media\/266220"}],"wp:attachment":[{"href":"https:\/\/www.europesays.com\/ee\/wp-json\/wp\/v2\/media?parent=266219"}],"wp:term":[{"taxonomy":"category","embeddable":true,"href":"https:\/\/www.europesays.com\/ee\/wp-json\/wp\/v2\/categories?post=266219"},{"taxonomy":"post_tag","embeddable":true,"href":"https:\/\/www.europesays.com\/ee\/wp-json\/wp\/v2\/tags?post=266219"}],"curies":[{"name":"wp","href":"https:\/\/api.w.org\/{rel}","templated":true}]}}