{"id":266227,"date":"2026-09-02T03:01:19","date_gmt":"2026-09-02T03:01:19","guid":{"rendered":"https:\/\/www.europesays.com\/ee\/266227\/"},"modified":"2026-09-02T03:01:19","modified_gmt":"2026-09-02T03:01:19","slug":"kohtuniku-eksimuse-tottu-peetakse-eesti-jalgpalli-esiliiga-mang-alates-88-minutist-uuesti-2","status":"publish","type":"post","link":"https:\/\/www.europesays.com\/ee\/266227\/","title":{"rendered":"Kohtuniku eksimuse t\u00f5ttu peetakse Eesti jalgpalli esiliiga m\u00e4ng alates 88. minutist uuesti"},"content":{"rendered":"<p>Nimetatud m\u00e4ngu 88. minutil andis peakohtunik Kristjan Siilak Elva m\u00e4ngijale Rasmus Lindm\u00e4ele kollase kaardi, mis oli selle jalgpalluri jaoks kohtumises teine ning sellele pidanuks j\u00e4rgnema punane kaart ja eemaldamine. Paraku kohtunik eksis, j\u00e4ttis m\u00e4ngijale punase kaardi n\u00e4itamata ja Lindm\u00e4e eemaldamata, teatab Eesti Jalgpalli Liit oma kodulehek\u00fcljel.<\/p>\n<p>Jalgpalliliit otsustas nii Eesti kui ka rahvusvahelisele praktikale tuginedes, et kohtumine m\u00e4ngitakse uuesti alates eksimuse hetkest. Kokkuleppel v\u00f5istkondadega l\u00e4hevad l\u00f5puminutid kordamisele sel neljap\u00e4eval, 3. septembril kell 19.30 M\u00e4nniku staadionil.<\/p>\n<p>Olukord on harvaesinev, sest m\u00e4ngu saab jalgpallireeglite ja jalgpallimaailma praktika j\u00e4rgi tervenisti v\u00f5i osaliselt uuesti m\u00e4ngida ainult v\u00e4ga \u00fcksikutel juhtudel. \u00dcks neist on taoline olukord, kus tegemist on oluliselt m\u00e4nguk\u00e4iku m\u00f5jutava n\u00f6 protseduurilise rikkumisega ehk rikkumisega, mis tuleneb otse m\u00e4ngureeglitest, mitte kohtuniku t\u00f5lgendusest v\u00f5i faktilisest otsusest. N\u00e4iteks on Eestis varasemalt m\u00e4ngu osaliselt uuesti m\u00e4ngitud penaltiprotseduuri rikkumise t\u00f5ttu kolm ja pool aasta tagasi meeste saalijalgpalli liigas.<\/p>\n<p>Seega m\u00e4ngivad 3. septembril FC N\u00f5mme United U21 ja FC Elva kohtumise uuesti alates 88. minutist samast kohast ja momendist, kus kohtunik andis 30. augusti m\u00e4ngus FC Elva jalgpallurile teise kollase kaardi. Lindm\u00e4e ei saa osaleda, kuna on m\u00e4ngust eemaldatud punase kaardiga. Uuesti m\u00e4ngitavas kohtumises on v\u00f5istkondade koosseisud, v\u00e4ravate arv (1:0 Elvale), hoiatused, eemaldamised ja vahetuste arv samad, mis algselt toimunud m\u00e4ngus 88. minuti seisuga. Kuna Elval olid selleks hetkeks punase kaardi saanud juba ka Georg Lani ja Jasper Toomas Kanter, tuleb neil kordusm\u00e4ngus alustada kaheksakesi.<\/p>\n<p>Jalgpalliliit teatas \u00fchtlasi, et katab 3. septembri m\u00e4nguks FC Elva transpordikulu.<\/p>\n<p>Kuidas see lugu Sind end tundma pani?Saada<a href=\"https:\/\/sport.delfi.ee\/artikkel\/120607631\/kohtuniku-eksimuse-tottu-peetakse-eesti-jalgpalli-esiliiga-mang-alates-88-minutist-uuesti\/kommentaarid\" class=\"button button--primary button--size-auto article-body-bottom__comment article-body-bottom__comment--write\" style=\"\" rel=\"nofollow noopener\" target=\"_blank\">Kommenteeri<\/a><a href=\"https:\/\/sport.delfi.ee\/artikkel\/120607631\/kohtuniku-eksimuse-tottu-peetakse-eesti-jalgpalli-esiliiga-mang-alates-88-minutist-uuesti\/kommentaarid\" class=\"button button--size-auto article-body-bottom__comment article-body-bottom__comment--read\" style=\"\" rel=\"nofollow noopener\" target=\"_blank\">Loe kommentaare (5)<\/a><\/p>\n","protected":false},"excerpt":{"rendered":"Nimetatud m\u00e4ngu 88. minutil andis peakohtunik Kristjan Siilak Elva m\u00e4ngijale Rasmus Lindm\u00e4ele kollase kaardi, mis oli selle jalgpalluri&hellip;\n","protected":false},"author":2,"featured_media":266228,"comment_status":"","ping_status":"","sticky":false,"template":"","format":"standard","meta":{"footnotes":"","_share_on_mastodon":"0"},"categories":[18],"tags":[37,33,35,34,36,172,1813,159,158],"class_list":["post-266227","post","type-post","status-publish","format-standard","has-post-thumbnail","category-sport","tag-ee","tag-eesti","tag-eesti-keel","tag-estonia","tag-estonian","tag-jalgpall","tag-nomme-united","tag-sport","tag-sports"],"share_on_mastodon":{"url":"https:\/\/pubeurope.com\/@ee\/117199220678101305","error":""},"_links":{"self":[{"href":"https:\/\/www.europesays.com\/ee\/wp-json\/wp\/v2\/posts\/266227","targetHints":{"allow":["GET"]}}],"collection":[{"href":"https:\/\/www.europesays.com\/ee\/wp-json\/wp\/v2\/posts"}],"about":[{"href":"https:\/\/www.europesays.com\/ee\/wp-json\/wp\/v2\/types\/post"}],"author":[{"embeddable":true,"href":"https:\/\/www.europesays.com\/ee\/wp-json\/wp\/v2\/users\/2"}],"replies":[{"embeddable":true,"href":"https:\/\/www.europesays.com\/ee\/wp-json\/wp\/v2\/comments?post=266227"}],"version-history":[{"count":0,"href":"https:\/\/www.europesays.com\/ee\/wp-json\/wp\/v2\/posts\/266227\/revisions"}],"wp:featuredmedia":[{"embeddable":true,"href":"https:\/\/www.europesays.com\/ee\/wp-json\/wp\/v2\/media\/266228"}],"wp:attachment":[{"href":"https:\/\/www.europesays.com\/ee\/wp-json\/wp\/v2\/media?parent=266227"}],"wp:term":[{"taxonomy":"category","embeddable":true,"href":"https:\/\/www.europesays.com\/ee\/wp-json\/wp\/v2\/categories?post=266227"},{"taxonomy":"post_tag","embeddable":true,"href":"https:\/\/www.europesays.com\/ee\/wp-json\/wp\/v2\/tags?post=266227"}],"curies":[{"name":"wp","href":"https:\/\/api.w.org\/{rel}","templated":true}]}}