{"id":266231,"date":"2026-09-02T03:13:08","date_gmt":"2026-09-02T03:13:08","guid":{"rendered":"https:\/\/www.europesays.com\/ee\/266231\/"},"modified":"2026-09-02T03:13:08","modified_gmt":"2026-09-02T03:13:08","slug":"reisikorraldaja-dubaisse-reisijate-arv-on-drastiliselt-vahenenud-majandus","status":"publish","type":"post","link":"https:\/\/www.europesays.com\/ee\/266231\/","title":{"rendered":"Reisikorraldaja: Dubaisse reisijate arv on drastiliselt v\u00e4henenud | Majandus"},"content":{"rendered":"<p>Reisijate arv Araabia \u00dchendemiraatidesse on alates USA ja Iraani s\u00f5jalise konflikti algusest v\u00e4henenud drastiliselt, \u00fctles Estraveli lennupiletite ja reisikindlustuse m\u00fc\u00fcgidirektor Mauri Saarend.<\/p>\n<p>&#8220;Kindlasti on reisijate arv v\u00e4henenud drastiliselt. Estravelis on sel aastal Araabia \u00dchendemiraatidesse mingi teenuse ostnud reisijate arv langenud 77 protsenti v\u00f5rreldes eelmise aasta sama perioodiga ja j\u00f5udnud sisuliselt koroonapandeemia aegsele tasemele,&#8221; \u00fctles Saarend ERR-ile.<\/p>\n<p>Mitmed lennufirmad, n\u00e4iteks Finnair, SAS ja Norwegian on teatanud, et sel talvehooajal lende Dubaisse ei toimu.<\/p>\n<p>Saarend nentis, et Euroopa lennufirmad on t\u00f5epoolest Dubai lende t\u00fchistanud. Samas on tema s\u00f5nul n\u00e4iteks Helsingist juba oma lennukiga lende A\u00dcE naaberriigi Katari pealinna Dohasse alustanud Qatar Airways ja alates oktoobrist on m\u00fc\u00fcgis Emiratesi lennud Helsingist Dubaisse.<\/p>\n<p>&#8220;Samuti peaks detsembris nii Riiga kui Vilniusesse naasma Flydubai. Ka Air Balticu lennud Riiast on praeguse seisuga veel graafikus. Eesti reisijate seas L\u00e4his-itta lendamiseks enim kasutatav lennufirma Turkish Airlines on oma liinid nii Abu Dhabisse kui Dubaisse taastanud juba m\u00f5nda aega tagasi,&#8221; lausus Saarend.<\/p>\n<p>T\u0161arterlennud Eestist Araabia \u00dchendemiraatidesse pole Saarendi s\u00f5nul viimastel aastatel teemaks olnud ning ka \u00fcksikud pakettreisid on toimunud pigem \u00fcmberistumisega regulaarlendudega.<\/p>\n<p>Ta lisas, et reisipakettide m\u00fc\u00fck Araabia \u00dchendemiraatidesse on Estravelis olnud kaduvv\u00e4ike v\u00f5rreldes regulaarlendude piletitega.<\/p>\n<p>Reisikorraldajatest pakub talveks pakettreise Dubaisse tema s\u00f5nul Tez Tour ja need paketid on ka Estravelis m\u00fc\u00fcgil.<\/p>\n<p>&#8220;Aga \u00fcldiselt annab Dubai puhul olulise rahalise v\u00f5idu ja m\u00e4rksa suurema paindlikkuse reisiaegades lendude ja majutuse eraldi ostmine. Seda enam, et praegu teevad mitmed kohapealsed hotellid klientide k\u00f6itmiseks p\u00e4ris suuri soodustusi. <br \/>Individuaalreisijatele saame me soovikohase reisi ise probleemideta kokku panna,&#8221; \u00fctles Saarend.<\/p>\n<p>&#8220;Juhiks ka t\u00e4helepanu, et kahtlemata k\u00f5ige soodsam v\u00f5imalus Araabia \u00dchendemiraatide k\u00fclastamiseks on Emiratesi v\u00f5i Etihadiga Kagu-Aasiasse v\u00f5i Okeaaniasse lennates vastavalt Dubais v\u00f5i Abu Dhabis mitmep\u00e4evase v\u00f5i pikema vahepeatuse tegemine. Kaugsihtkoha lennupileti hinda t\u00f5stab see v\u00e4ga marginaalselt, aga reis tuleb huvitavam ja ka v\u00e4hem v\u00e4sitav,&#8221; lausus Saarend.<\/p>\n","protected":false},"excerpt":{"rendered":"Reisijate arv Araabia \u00dchendemiraatidesse on alates USA ja Iraani s\u00f5jalise konflikti algusest v\u00e4henenud drastiliselt, \u00fctles Estraveli lennupiletite ja&hellip;\n","protected":false},"author":2,"featured_media":266232,"comment_status":"","ping_status":"","sticky":false,"template":"","format":"standard","meta":{"footnotes":"","_share_on_mastodon":"0"},"categories":[14],"tags":[131,130,6515,37,33,35,34,36,55663,103294,103293],"class_list":["post-266231","post","type-post","status-publish","format-standard","has-post-thumbnail","category-ari","tag-ari","tag-business","tag-dubai","tag-ee","tag-eesti","tag-eesti-keel","tag-estonia","tag-estonian","tag-estravel","tag-mauri-saarend","tag-reisikorraldajad"],"share_on_mastodon":{"url":"https:\/\/pubeurope.com\/@ee\/117199267782623953","error":""},"_links":{"self":[{"href":"https:\/\/www.europesays.com\/ee\/wp-json\/wp\/v2\/posts\/266231","targetHints":{"allow":["GET"]}}],"collection":[{"href":"https:\/\/www.europesays.com\/ee\/wp-json\/wp\/v2\/posts"}],"about":[{"href":"https:\/\/www.europesays.com\/ee\/wp-json\/wp\/v2\/types\/post"}],"author":[{"embeddable":true,"href":"https:\/\/www.europesays.com\/ee\/wp-json\/wp\/v2\/users\/2"}],"replies":[{"embeddable":true,"href":"https:\/\/www.europesays.com\/ee\/wp-json\/wp\/v2\/comments?post=266231"}],"version-history":[{"count":0,"href":"https:\/\/www.europesays.com\/ee\/wp-json\/wp\/v2\/posts\/266231\/revisions"}],"wp:featuredmedia":[{"embeddable":true,"href":"https:\/\/www.europesays.com\/ee\/wp-json\/wp\/v2\/media\/266232"}],"wp:attachment":[{"href":"https:\/\/www.europesays.com\/ee\/wp-json\/wp\/v2\/media?parent=266231"}],"wp:term":[{"taxonomy":"category","embeddable":true,"href":"https:\/\/www.europesays.com\/ee\/wp-json\/wp\/v2\/categories?post=266231"},{"taxonomy":"post_tag","embeddable":true,"href":"https:\/\/www.europesays.com\/ee\/wp-json\/wp\/v2\/tags?post=266231"}],"curies":[{"name":"wp","href":"https:\/\/api.w.org\/{rel}","templated":true}]}}