{"id":266239,"date":"2026-09-02T03:45:18","date_gmt":"2026-09-02T03:45:18","guid":{"rendered":"https:\/\/www.europesays.com\/ee\/266239\/"},"modified":"2026-09-02T03:45:18","modified_gmt":"2026-09-02T03:45:18","slug":"bigbank-kalev-tugevdas-meeskonda-carlos-jurgensiga","status":"publish","type":"post","link":"https:\/\/www.europesays.com\/ee\/266239\/","title":{"rendered":"Bigbank\/Kalev tugevdas meeskonda Carlos J\u00fcrgensiga"},"content":{"rendered":"<p>\u201eMul on v\u00e4ga hea meel liituda BigBank\/Kaleviga. Olen t\u00e4nulik nii organisatsioonile kui peatreener Bretile [N\u00f5mm] usalduse ja v\u00f5imaluse eest ning ootan p\u00f5nevusega, et saaksin meeskonda oma panuse anda,\u201c teatas J\u00fcrgens oma uue koduklubi pressiteates.<\/p>\n<p>\u201eAnnan endast k\u00f5ik, et tuua esile parim nii endast kui k\u00f5ikidest teistest ning v\u00f5istelda kullale,\u201c lisas J\u00fcrgens.<\/p>\n<p>Peatreener <a rel=\"noopener nofollow\" target=\"_blank\" href=\"https:\/\/www.delfi.ee\/teema\/96851686\/brett-nomm\" tag-id=\"96851686\">Brett N\u00f5mm<\/a>: \u201eCarlos lisab meie v\u00f5istkonda juba \u00fche natuke kogenuma pallik\u00e4sitleja juurde. Ta on t\u00e4nap\u00e4evane combo guard, kes suudab ennast ise viskele m\u00e4ngida ning ka teistele olukordi tekitada.\u201c<\/p>\n<p>27-aastane J\u00fcrgens m\u00e4ngis eelmisel hooajal Hispaania esiliigas Ourense meeskonnas, kus t\u00f5i keskmiselt 6,2 punkti, 2,1 lauapalli ja 1,6 korvis\u00f6\u00f6tu m\u00e4ngu kohta.<\/p>\n<p>Bigbank\/Kalevi esimene hooajaeelne m\u00e4ng toimub 9. septembril Keila Tervisekeskuses Keila KK meeskonna vastu. <\/p>\n<p>Kuidas see lugu Sind end tundma pani?Saada<a href=\"https:\/\/sport.delfi.ee\/a\/120607693\/kommentaarid\" class=\"button button--primary button--size-auto article-body-bottom__comment article-body-bottom__comment--write\" style=\"\" rel=\"nofollow noopener\" target=\"_blank\">Kommenteeri<\/a><a href=\"https:\/\/sport.delfi.ee\/a\/120607693\/kommentaarid\" class=\"button button--size-auto article-body-bottom__comment article-body-bottom__comment--read\" style=\"\" rel=\"nofollow noopener\" target=\"_blank\">Loe kommentaare (4)<\/a><\/p>\n","protected":false},"excerpt":{"rendered":"\u201eMul on v\u00e4ga hea meel liituda BigBank\/Kaleviga. Olen t\u00e4nulik nii organisatsioonile kui peatreener Bretile [N\u00f5mm] usalduse ja v\u00f5imaluse&hellip;\n","protected":false},"author":2,"featured_media":266240,"comment_status":"","ping_status":"","sticky":false,"template":"","format":"standard","meta":{"footnotes":"","_share_on_mastodon":"0"},"categories":[18],"tags":[84975,7786,92046,37,33,35,34,36,1513,159,158],"class_list":["post-266239","post","type-post","status-publish","format-standard","has-post-thumbnail","category-sport","tag-bigbank-kalev","tag-brett-nomm","tag-carlos-jurgens","tag-ee","tag-eesti","tag-eesti-keel","tag-estonia","tag-estonian","tag-korvpall","tag-sport","tag-sports"],"share_on_mastodon":{"url":"https:\/\/pubeurope.com\/@ee\/117199393737319687","error":""},"_links":{"self":[{"href":"https:\/\/www.europesays.com\/ee\/wp-json\/wp\/v2\/posts\/266239","targetHints":{"allow":["GET"]}}],"collection":[{"href":"https:\/\/www.europesays.com\/ee\/wp-json\/wp\/v2\/posts"}],"about":[{"href":"https:\/\/www.europesays.com\/ee\/wp-json\/wp\/v2\/types\/post"}],"author":[{"embeddable":true,"href":"https:\/\/www.europesays.com\/ee\/wp-json\/wp\/v2\/users\/2"}],"replies":[{"embeddable":true,"href":"https:\/\/www.europesays.com\/ee\/wp-json\/wp\/v2\/comments?post=266239"}],"version-history":[{"count":0,"href":"https:\/\/www.europesays.com\/ee\/wp-json\/wp\/v2\/posts\/266239\/revisions"}],"wp:featuredmedia":[{"embeddable":true,"href":"https:\/\/www.europesays.com\/ee\/wp-json\/wp\/v2\/media\/266240"}],"wp:attachment":[{"href":"https:\/\/www.europesays.com\/ee\/wp-json\/wp\/v2\/media?parent=266239"}],"wp:term":[{"taxonomy":"category","embeddable":true,"href":"https:\/\/www.europesays.com\/ee\/wp-json\/wp\/v2\/categories?post=266239"},{"taxonomy":"post_tag","embeddable":true,"href":"https:\/\/www.europesays.com\/ee\/wp-json\/wp\/v2\/tags?post=266239"}],"curies":[{"name":"wp","href":"https:\/\/api.w.org\/{rel}","templated":true}]}}