{"id":266249,"date":"2026-09-02T03:58:14","date_gmt":"2026-09-02T03:58:14","guid":{"rendered":"https:\/\/www.europesays.com\/ee\/266249\/"},"modified":"2026-09-02T03:58:14","modified_gmt":"2026-09-02T03:58:14","slug":"nagu-ema-nonda-tutar-brigitte-macroni-tutar-kaib-endast-20-aastat-noorema-tudengiga","status":"publish","type":"post","link":"https:\/\/www.europesays.com\/ee\/266249\/","title":{"rendered":"Nagu ema, n\u00f5nda t\u00fctar. Brigitte Macroni t\u00fctar k\u00e4ib endast 20 aastat noorema tudengiga"},"content":{"rendered":"<p>Kahe lapse ema Tiphaine postitas Instagrami video, kus ta naudib Amsterdami koos  22-aastase tudengi Antoine Lecomte\u2019ga. Paar n\u00e4eb k\u00f5nelauses postituses v\u00e4lja v\u00e4gagi armunud ning n\u00fc\u00fcdseks on Prantsusmaa meedia uurinud v\u00e4lja rohkem infot nende ebatavalise suhte kohta. Tiphaine ja Antoine olevat kohtunud sel suvel Pranstusmaa looderannikul asuvas linnas Le Touquet\u2019is. <\/p>\n<p>\u00c4rindust \u00f5ppiv Lecomte olevat suvel t\u00f6\u00f6tanud lohesurfi instruktorina ning nende teed ristusidki t\u00e4nu noormehe t\u00f6\u00f6le. Nimelt \u00f5petas ta Tiphaine\u2019ile eFoili ehk elektrilise h\u00fcdrofoiliga s\u00f5itmist. <\/p>\n<p>Tiphaine uus suhe sai alguse p\u00e4rast seda, kui ta l\u00e4ks t\u00e4navu mais lahku vastuolulisest Prantsusmaa telesaatejuhist Cyril Hanounast. <\/p>\n<p>Prantsusmaa presidendi kasut\u00fctrele l\u00e4hedane allikas \u00fctles Prantsuse ajakirjale Gala, et 20-aastase vanusevahega paari vahel tekkinud keemia oli k\u00f5igi jaoks koheselt ilmne. \u201eNeil on palju \u00fchist: armastus Le Touquet linna ja p\u00f5nevuse vastu, aga neile meeldib ka reisimine ja ettev\u00f5tlus.\u201c<\/p>\n<p><img decoding=\"async\" src=\"https:\/\/www.europesays.com\/ee\/wp-content\/uploads\/2026\/09\/ffe6bcaf-8ba2-4229-a038-89addbbd09f0.jpg\" loading=\"lazy\" alt=\"Prantsusmaa presidendi kasut\u00fctar Tiphaine Auziere\"\/><\/p>\n<p>Allikate info p\u00f5hjal on nende suhe arenenud nii kaugele, et Tiphaine on tutvustanud oma noorele kaaslasele ka oma lapsi. Tuntud jurist ja poliitik on ema 12-aastasele \u00c9lise\u2019ile ja k\u00fcmneaastasele Aur\u00e8le\u2019ile. Nad s\u00fcndisid 15 aastat kestnud suhtest Antoine Choteau\u2019ga. Paar l\u00e4ks lahku 2025. aasta alguses. <\/p>\n<p>Tiphaine ja Antoine suhe on m\u00e4rkimisv\u00e4\u00e4rselt sarnane 73-aastase Brigitte\u2019i ja 48-aastase <a rel=\"noopener nofollow\" target=\"_blank\" href=\"https:\/\/www.delfi.ee\/teema\/73794679\/emmanuel-macron\" tag-id=\"73794679\">Emmanuel Macroni<\/a> suhtega. Nende vanusevaheks on lausa 25 aastat. Samuti oli nende tutvumislugu tunduvalt skandaalsem, sest Emmanuel oli ainult 15-aastane kui ta kohtus tema koolis \u00f5petanud Brigitte\u2019iga. Sel ajal oli Prantsusmaa tulevane esileed 39-aastane ning abielust Andr\u00e9-Louis Auzi\u00e8re\u2019iga oli ta kasvatamas kolme last. P\u00e4rast suhte ilmsiks tulekut otsustasid Macroni vanemad ta koolist eemaldada. <\/p>\n<p>Kuidas see lugu Sind end tundma pani?Saada<a href=\"https:\/\/kroonika.delfi.ee\/artikkel\/120607651\/nagu-ema-nonda-tutar-brigitte-macroni-tutar-kaib-endast-20-aastat-noorema-tudengiga\/kommentaarid\" class=\"button button--primary button--size-auto article-body-bottom__comment article-body-bottom__comment--write\" style=\"\" rel=\"nofollow noopener\" target=\"_blank\">Kommenteeri<\/a><a href=\"https:\/\/kroonika.delfi.ee\/artikkel\/120607651\/nagu-ema-nonda-tutar-brigitte-macroni-tutar-kaib-endast-20-aastat-noorema-tudengiga\/kommentaarid\" class=\"button button--size-auto article-body-bottom__comment article-body-bottom__comment--read\" style=\"\" rel=\"nofollow noopener\" target=\"_blank\">Loe kommentaare (23)<\/a><\/p>\n","protected":false},"excerpt":{"rendered":"Kahe lapse ema Tiphaine postitas Instagrami video, kus ta naudib Amsterdami koos 22-aastase tudengi Antoine Lecomte\u2019ga. Paar n\u00e4eb&hellip;\n","protected":false},"author":2,"featured_media":266250,"comment_status":"","ping_status":"","sticky":false,"template":"","format":"standard","meta":{"footnotes":"","_share_on_mastodon":"0"},"categories":[80],"tags":[26,27,15135,37,33,35,2194,34,36,31,32,21,28,29,95,19,25,23,24,22,20,30,92,93,94],"class_list":["post-266249","post","type-post","status-publish","format-standard","has-post-thumbnail","category-maailm","tag-breaking-news","tag-breakingnews","tag-brigitte-macron","tag-ee","tag-eesti","tag-eesti-keel","tag-emmanuel-macron","tag-estonia","tag-estonian","tag-featured-news","tag-featurednews","tag-headlines","tag-latest-news","tag-latestnews","tag-maailm","tag-news","tag-populaarseimad-lood","tag-top-stories","tag-topstories","tag-uldised-uudised","tag-uudised","tag-viimased-uudised","tag-world","tag-world-news","tag-worldnews"],"share_on_mastodon":{"url":"https:\/\/pubeurope.com\/@ee\/117199444919882119","error":""},"_links":{"self":[{"href":"https:\/\/www.europesays.com\/ee\/wp-json\/wp\/v2\/posts\/266249","targetHints":{"allow":["GET"]}}],"collection":[{"href":"https:\/\/www.europesays.com\/ee\/wp-json\/wp\/v2\/posts"}],"about":[{"href":"https:\/\/www.europesays.com\/ee\/wp-json\/wp\/v2\/types\/post"}],"author":[{"embeddable":true,"href":"https:\/\/www.europesays.com\/ee\/wp-json\/wp\/v2\/users\/2"}],"replies":[{"embeddable":true,"href":"https:\/\/www.europesays.com\/ee\/wp-json\/wp\/v2\/comments?post=266249"}],"version-history":[{"count":0,"href":"https:\/\/www.europesays.com\/ee\/wp-json\/wp\/v2\/posts\/266249\/revisions"}],"wp:featuredmedia":[{"embeddable":true,"href":"https:\/\/www.europesays.com\/ee\/wp-json\/wp\/v2\/media\/266250"}],"wp:attachment":[{"href":"https:\/\/www.europesays.com\/ee\/wp-json\/wp\/v2\/media?parent=266249"}],"wp:term":[{"taxonomy":"category","embeddable":true,"href":"https:\/\/www.europesays.com\/ee\/wp-json\/wp\/v2\/categories?post=266249"},{"taxonomy":"post_tag","embeddable":true,"href":"https:\/\/www.europesays.com\/ee\/wp-json\/wp\/v2\/tags?post=266249"}],"curies":[{"name":"wp","href":"https:\/\/api.w.org\/{rel}","templated":true}]}}