{"id":266295,"date":"2026-09-02T05:41:09","date_gmt":"2026-09-02T05:41:09","guid":{"rendered":"https:\/\/www.europesays.com\/ee\/266295\/"},"modified":"2026-09-02T05:41:09","modified_gmt":"2026-09-02T05:41:09","slug":"peeter-koppel-%e2%9f%a9-neoliberaal-annab-vastuloogi-riik-ei-tohiks-hakata-valima-eesti-majanduse-voitjaid","status":"publish","type":"post","link":"https:\/\/www.europesays.com\/ee\/266295\/","title":{"rendered":"PEETER KOPPEL \u27e9 Neoliberaal annab vastul\u00f6\u00f6gi: riik ei tohiks hakata valima Eesti majanduse \u00abv\u00f5itjaid\u00bb"},"content":{"rendered":"<p>Kas Eesti vajab riiklikku dirigenti, kes valib j\u00e4rgmised majanduse v\u00f5itjasektorid, v\u00f5i riskime kalli ja valuliku eksitusega? H\u00fcpoteetiline neoliberaalne majandusm\u00f5tleja seletab lahti \u00fche v\u00e4rske t\u00f6\u00f6stuspoliitilise m\u00f5ttepaberi, mis lubab sihip\u00e4rast kapitali suunamist ning suuremat \u00abmajandussubjektsust\u00bb.<\/p>\n<p>Ent enne kui loosungid ja eeskujud L\u00f5una-Koreast Singapurini k\u00f5lama pannakse, tekib visalt k\u00fcsimus: kelle rahaga neid katseid tehakse ja kes vastutab siis, kui plaan n-\u00f6 ei lenda?<\/p>\n","protected":false},"excerpt":{"rendered":"Kas Eesti vajab riiklikku dirigenti, kes valib j\u00e4rgmised majanduse v\u00f5itjasektorid, v\u00f5i riskime kalli ja valuliku eksitusega? H\u00fcpoteetiline neoliberaalne&hellip;\n","protected":false},"author":2,"featured_media":266296,"comment_status":"","ping_status":"","sticky":false,"template":"","format":"standard","meta":{"footnotes":"","_share_on_mastodon":"0"},"categories":[12],"tags":[9034,26,27,37,33,35,2759,34,36,31,32,21,28,29,3605,7326,103301,29874,19,25,9463,7594,23,24,22,20,30],"class_list":["post-266295","post","type-post","status-publish","format-standard","has-post-thumbnail","category-eesti","tag-auvere-elektrijaam","tag-breaking-news","tag-breakingnews","tag-ee","tag-eesti","tag-eesti-keel","tag-eesti-majandus","tag-estonia","tag-estonian","tag-featured-news","tag-featurednews","tag-headlines","tag-latest-news","tag-latestnews","tag-louna-korea","tag-majanduspoliitika","tag-majandussubjektsus","tag-neoliberalism","tag-news","tag-populaarseimad-lood","tag-riigiabi","tag-singapur","tag-top-stories","tag-topstories","tag-uldised-uudised","tag-uudised","tag-viimased-uudised"],"share_on_mastodon":{"url":"https:\/\/pubeurope.com\/@ee\/117199849539428874","error":""},"_links":{"self":[{"href":"https:\/\/www.europesays.com\/ee\/wp-json\/wp\/v2\/posts\/266295","targetHints":{"allow":["GET"]}}],"collection":[{"href":"https:\/\/www.europesays.com\/ee\/wp-json\/wp\/v2\/posts"}],"about":[{"href":"https:\/\/www.europesays.com\/ee\/wp-json\/wp\/v2\/types\/post"}],"author":[{"embeddable":true,"href":"https:\/\/www.europesays.com\/ee\/wp-json\/wp\/v2\/users\/2"}],"replies":[{"embeddable":true,"href":"https:\/\/www.europesays.com\/ee\/wp-json\/wp\/v2\/comments?post=266295"}],"version-history":[{"count":0,"href":"https:\/\/www.europesays.com\/ee\/wp-json\/wp\/v2\/posts\/266295\/revisions"}],"wp:featuredmedia":[{"embeddable":true,"href":"https:\/\/www.europesays.com\/ee\/wp-json\/wp\/v2\/media\/266296"}],"wp:attachment":[{"href":"https:\/\/www.europesays.com\/ee\/wp-json\/wp\/v2\/media?parent=266295"}],"wp:term":[{"taxonomy":"category","embeddable":true,"href":"https:\/\/www.europesays.com\/ee\/wp-json\/wp\/v2\/categories?post=266295"},{"taxonomy":"post_tag","embeddable":true,"href":"https:\/\/www.europesays.com\/ee\/wp-json\/wp\/v2\/tags?post=266295"}],"curies":[{"name":"wp","href":"https:\/\/api.w.org\/{rel}","templated":true}]}}