{"id":266309,"date":"2026-09-02T06:02:44","date_gmt":"2026-09-02T06:02:44","guid":{"rendered":"https:\/\/www.europesays.com\/ee\/266309\/"},"modified":"2026-09-02T06:02:44","modified_gmt":"2026-09-02T06:02:44","slug":"ehitusmaterjalide-hinnad-stabiliseeruvad-riskid-pusivad-geopoliitikas","status":"publish","type":"post","link":"https:\/\/www.europesays.com\/ee\/266309\/","title":{"rendered":"Ehitusmaterjalide hinnad stabiliseeruvad, riskid p\u00fcsivad geopoliitikas"},"content":{"rendered":"<p class=\"text-muted-foreground text-[15px] leading-relaxed\">Ehitusmaterjalide hinnad on p\u00e4rast esimese poolaasta m\u00e4rkimisv\u00e4\u00e4rset t\u00f5usu stabiliseerunud, pakkudes leevendust k\u00fctusehindade languse ja Euroopa turgude pakkumise suurenemise t\u00f5ttu, kuid pikaajaline stabiilsus s\u00f5ltub kriitiliselt geopoliitilisest olukorrast Hormuzi v\u00e4inas.<\/p>\n<ul class=\"space-y-3 text-[15px] leading-relaxed\">\n<li class=\"flex gap-3\">\u2014Ehitusmaterjalide hinnad, mis aasta esimesel poolel naftahindade t\u00f5usu ja tarnekatkestuste t\u00f5ttu m\u00e4rkimisv\u00e4\u00e4rselt kerkisid, on n\u00fc\u00fcd stabiliseerumas, potentsiaaliga m\u00f5nede hindade languseks.<\/li>\n<li class=\"flex gap-3\">\u2014Stabiliseerumine on tingitud k\u00fctusehindade langusest ja pakkumise suurenemisest Euroopa turgudel, sealhulgas Swiss Krono OSB-tootmise osalisest taask\u00e4ivitamisest Prantsusmaal.<\/li>\n<li class=\"flex gap-3\">\u2014OSB-plaatide, laialdaselt kasutatava ehitusmaterjali, hinnad on p\u00e4rast kevadisi m\u00e4rgatavaid t\u00f5use stabiliseerunud ning septembrist oodatakse pol\u00fcuretaanist isolatsiooniplaatide hindade kerget langust.<\/li>\n<li class=\"flex gap-3\">\u2014Ehitusmaterjalide tulevased hinnamuutused on tihedalt seotud naftahindade stabiilsuse ja geopoliitiliste teguritega, t\u00e4psemalt Iraani, Ameerika \u00dchendriikide ja Hormuzi v\u00e4ina \u00fcmbruse olukorraga.<\/li>\n<li class=\"flex gap-3\">\u2014Tootjad seisid silmitsi m\u00e4rkimisv\u00e4\u00e4rse hinnasurvega tooraine- ja transpordikulude t\u00f5ttu, mis viis paljude energiamahukate materjalide, nagu betoon, teras, OSB-plaadid ja vahtplast, hindade 5-10% t\u00f5usuni.<\/li>\n<\/ul>\n","protected":false},"excerpt":{"rendered":"Ehitusmaterjalide hinnad on p\u00e4rast esimese poolaasta m\u00e4rkimisv\u00e4\u00e4rset t\u00f5usu stabiliseerunud, pakkudes leevendust k\u00fctusehindade languse ja Euroopa turgude pakkumise suurenemise&hellip;\n","protected":false},"author":2,"featured_media":266310,"comment_status":"","ping_status":"","sticky":false,"template":"","format":"standard","meta":{"footnotes":"","_share_on_mastodon":"0"},"categories":[14],"tags":[131,130,37,33,35,812,34,36,3055,813,46527,25466,672,4257,103302,9355],"class_list":["post-266309","post","type-post","status-publish","format-standard","has-post-thumbnail","category-ari","tag-ari","tag-business","tag-ee","tag-eesti","tag-eesti-keel","tag-ehitusmaterjalid","tag-estonia","tag-estonian","tag-geopoliitika","tag-hinnad","tag-hormuzi-vain","tag-isolatsioon","tag-majandus","tag-nafta","tag-osb-plaadid","tag-tarneahelad"],"share_on_mastodon":{"url":"https:\/\/pubeurope.com\/@ee\/117199932333042922","error":""},"_links":{"self":[{"href":"https:\/\/www.europesays.com\/ee\/wp-json\/wp\/v2\/posts\/266309","targetHints":{"allow":["GET"]}}],"collection":[{"href":"https:\/\/www.europesays.com\/ee\/wp-json\/wp\/v2\/posts"}],"about":[{"href":"https:\/\/www.europesays.com\/ee\/wp-json\/wp\/v2\/types\/post"}],"author":[{"embeddable":true,"href":"https:\/\/www.europesays.com\/ee\/wp-json\/wp\/v2\/users\/2"}],"replies":[{"embeddable":true,"href":"https:\/\/www.europesays.com\/ee\/wp-json\/wp\/v2\/comments?post=266309"}],"version-history":[{"count":0,"href":"https:\/\/www.europesays.com\/ee\/wp-json\/wp\/v2\/posts\/266309\/revisions"}],"wp:featuredmedia":[{"embeddable":true,"href":"https:\/\/www.europesays.com\/ee\/wp-json\/wp\/v2\/media\/266310"}],"wp:attachment":[{"href":"https:\/\/www.europesays.com\/ee\/wp-json\/wp\/v2\/media?parent=266309"}],"wp:term":[{"taxonomy":"category","embeddable":true,"href":"https:\/\/www.europesays.com\/ee\/wp-json\/wp\/v2\/categories?post=266309"},{"taxonomy":"post_tag","embeddable":true,"href":"https:\/\/www.europesays.com\/ee\/wp-json\/wp\/v2\/tags?post=266309"}],"curies":[{"name":"wp","href":"https:\/\/api.w.org\/{rel}","templated":true}]}}