{"id":266339,"date":"2026-09-02T06:36:09","date_gmt":"2026-09-02T06:36:09","guid":{"rendered":"https:\/\/www.europesays.com\/ee\/266339\/"},"modified":"2026-09-02T06:36:09","modified_gmt":"2026-09-02T06:36:09","slug":"putini-sonul-on-mobilisatsioonijutt-jama-zelenskoi-hoiatus-lennufirmadele-terrorism-ja-saksamaa-suudistus-sisepoliitika-2","status":"publish","type":"post","link":"https:\/\/www.europesays.com\/ee\/266339\/","title":{"rendered":"Putini s\u00f5nul on mobilisatsioonijutt jama, Zelensk\u00f5i hoiatus lennufirmadele terrorism ja Saksamaa s\u00fc\u00fcdistus sisepoliitika"},"content":{"rendered":"<p>\u201eT\u00e4ielik jama (vene keeles: \u0447\u0443\u0448\u044c \u0441\u043e\u0431\u0430\u0447\u044c\u044f \u2013 toim). See on infor\u00fcnnak Venemaa vastu,\u201c kuulutas Putin mobilisatsiooni kohta, vahendab Interfax.<\/p>\n<p>Putinilt k\u00fcsiti kommentaari Ukraina presidendi Volod\u00f5m\u00f5r Zelensk\u00f5i eilsele avaldusele, et Ukraina droonid sulgevad Venemaa taeva.<\/p>\n<p>\u201eMa ei ole selliseid avaldusi kuulnud, aga kui seda on kuuldavalt v\u00e4lja \u00f6eldud, on see lihtsalt teade riikliku terrorismi kohta,\u201c \u00fctles Putin, kelle s\u00f5nul Venemaa loomulikult vastab.<\/p>\n<p>\u201eJuhin t\u00e4helepanu sellele, et nad paluvad meilt l\u00e4bir\u00e4\u00e4kimiste taasalustamist, paluvad isiklikke kohtumisi. Terroristidega l\u00e4bir\u00e4\u00e4kimisi ei tule. Seda esiteks. Ja teiseks: kui, jumal hoidku selle eest, hakkavad toimuma sellised trag\u00f6\u00f6diad, leiame me, millega vastata. \u00c4rgu keegi kahelgu,\u201c teatas Putin.<\/p>\n<p>Putin kommenteeris ka Saksamaa eilset teadet, et Leipzigi lennuv\u00e4lja pommir\u00fcnnakukatse eest peetakse otseselt vastutavaks Venemaad.<\/p>\n<p>\u201eAga kus on t\u00f5endid? No n\u00e4ed, sokutati t\u00f5endid,\u201c \u00fctles Putin.<\/p>\n<p>Putini s\u00f5nul on Saksamaa uued sanktsioonid Venemaa vastu seotud eelk\u00f5ige Saksamaa sisepoliitilise olukorraga.<\/p>\n<p>\u201eKantsleri olukord on sisepoliitiliselt keeruline. Tal ei ole oma kodanike <a rel=\"noopener nofollow\" target=\"_blank\" href=\"https:\/\/www.delfi.ee\/teema\/22971743\/usa\" tag-id=\"22971743\">usaldust<\/a>. Ja on selge, miks \u2013 sest ta ei kaitse rahvuslikke huve, vaid kaupleb nendega. Ilmselged m\u00f6\u00f6dalaskmised majanduses. Ettev\u00f5tteid suletakse, inimesed kaotavad t\u00f6\u00f6kohti, elatustase langeb. On arusaamatu, miks seda k\u00f5ike tehakse. Seletada saab ainult \u00fchega \u2013 et on vaja vastasseisu agressiivse Venemaaga,\u201c \u00fctles Putin.<\/p>\n<p>Putin kuulutas, et Venemaa relvaj\u00f5ud saavad Ukraina droonidega hakkama nii vee all, maa peal kui ka \u00f5hus.<\/p>\n<p>\u201ePraegu on peamine v\u00e4ljakutse loomulikult mehitamata vahendid, kusjuures k\u00f5igis keskkondades: vee all, merel, maa peal ja \u00f5hus. Ja see on meie jaoks v\u00e4ljakutse, mis on t\u00f5sine. Me saame sellega hakkama,\u201c \u00fctles Putin. \u201eMa olen kindel, et k\u00f5ik \u00fclesanded selles valdkonnas lahendatakse. Mul pole kahtlustki. Ma n\u00e4en seda selle tempo j\u00e4rgi, mis on meie kaitset\u00f6\u00f6stusettev\u00f5tetel.\u201c<\/p>\n<p>Putini s\u00f5nul on Venemaa relvaj\u00f5ududele antud k\u00e4sk valmistada ette ja anda Ukrainas l\u00f6\u00f6ke k\u00fctuse- ja energeetikakompleksi pihta.<\/p>\n<p>\u201eVene F\u00f6deratsiooni relvaj\u00f5ududele on antud k\u00e4sk valmistada ette ja anda massilisi l\u00f6\u00f6ke Ukraina energeetikaobjektide pihta. Nemad annavad l\u00f6\u00f6ke meie omade pihta \u2013 saavad vastuse,\u201c \u00fctles Putin.<\/p>\n<p>Putin r\u00e4\u00e4kis, miks Venemaa ei anna l\u00f6\u00f6ke Ukraina juhtkonna pihta.<\/p>\n<p>\u201eNagu te n\u00e4ete, ei anna me selliseid l\u00f6\u00f6ke. Me l\u00e4htume sellest, et meil on vaja mingeid inimesi&#8230; T\u00f5esti, kui nad saavad aru, et tahavad lahendada k\u00fcsimusi rahumeelsel teel, mitte lihtsalt h\u00e4vitada 40 p\u00e4evaga meie majandust ja Venemaad p\u00f5lvili suruda, anda meile j\u00e4rjekordset strateegilist l\u00f6\u00f6ki, tekitada strateegilist l\u00fc\u00fcasaamist. Mingeid l\u00e4bir\u00e4\u00e4kijaid on meil seal vaja,\u201c \u00fctles Putin.<\/p>\n<p>Putini s\u00f5nul on kontaktid Venemaa ja USA eriteenistuste vahel s\u00e4ilinud kogu aeg.<\/p>\n<p>\u201eKontaktid eriteenistuste esindajate vahel on toimunud kogu aeg. Ja nagu v\u00f5ib-olla te panite t\u00e4hele, et me andsime hiljuti Ameerika poolele \u00fcle USA kodaniku, kes oli meil kinnipidamiskohtades. Nii tervisliku seisundi t\u00f5ttu kui ka humanitaarkaalutlustel \u2013 selline lihtne t\u00fc\u00fcp, joodik ja m\u00fcrgeldaja ja veel tervis ka halb, las l\u00e4heb koju end ravima \u2013 ta anti \u00fcle,\u201c lausus Putin.<\/p>\n<p>\u201eKas on vaja mingit osalejate laiendamist? Me oleme selle poolt, et mistahes l\u00e4bir\u00e4\u00e4kimistel oleks konkreetne sisu. Ja kui keegi suudab sellesse protsessi konkreetse panuse anda, oleme me ainult poolt. Ainus, mida ei tahaks, on see, et k\u00f5ik p\u00f6\u00f6rleks m\u00f5ttetus re\u017eiimis. Ja kui keegi on v\u00f5imeline sellesse t\u00e4naseks p\u00e4evaks teadaoleval m\u00e4\u00e4ral k\u00fclmutatud protsessi midagi positiivset tooma, siis \u00fcldiselt me ei ole vastu,\u201c \u00fctles Putin.<\/p>\n<p>Putini s\u00f5nul on vaja s\u00f5jav\u00e4elasi ja diplomaate. \u201eKuigi meil on absoluutselt mugav t\u00f6\u00f6tada nende inimestega, keda me h\u00e4sti tunneme ja keda usaldame. Need on president Trumpile l\u00e4hedased inimesed. Minu arvates on nad siirad inimesed ja p\u00fc\u00fcavad meie t\u00f6\u00f6d konkreetse sisuga t\u00e4ita. Ja president usaldab neid, mis on v\u00e4ga t\u00e4htis ja ilma selleta ei ole v\u00f5imalik mingeid l\u00e4bir\u00e4\u00e4kimisi pidada,\u201c \u00fctles Putin.<\/p>\n<p>\u201eKui meiega milleski kokku lepitakse, aga p\u00e4rast filtreerib esimene isik k\u00f5ik v\u00e4lja, mida nad \u00fctlevad, ja jagab tuhgandega ja rohkem, on see k\u00f5ik m\u00f5ttetu,\u201c lisas Putin. \u201eAga me saame aru, et ta [Trump] usaldab neid. Nii h\u00e4rra Kushner kui ka h\u00e4rra Witkoff on meie juures alati soovitud k\u00fclalised ja me t\u00f6\u00f6tame nendega hea meelega.\u201c<\/p>\n<p>Kuidas see lugu Sind end tundma pani?Saada<a href=\"https:\/\/www.delfi.ee\/artikkel\/120607744\/putini-sonul-on-mobilisatsioonijutt-jama-zelenskoi-hoiatus-lennufirmadele-terrorism-ja-saksamaa-suudistus-sisepoliitika\/kommentaarid\" class=\"button button--primary button--size-auto article-body-bottom__comment article-body-bottom__comment--write\" style=\"\" rel=\"nofollow noopener\" target=\"_blank\">Kommenteeri<\/a><a href=\"https:\/\/www.delfi.ee\/artikkel\/120607744\/putini-sonul-on-mobilisatsioonijutt-jama-zelenskoi-hoiatus-lennufirmadele-terrorism-ja-saksamaa-suudistus-sisepoliitika\/kommentaarid\" class=\"button button--size-auto article-body-bottom__comment article-body-bottom__comment--read\" style=\"\" rel=\"nofollow noopener\" target=\"_blank\">Loe kommentaare (24)<\/a><\/p>\n","protected":false},"excerpt":{"rendered":"\u201eT\u00e4ielik jama (vene keeles: \u0447\u0443\u0448\u044c \u0441\u043e\u0431\u0430\u0447\u044c\u044f \u2013 toim). See on infor\u00fcnnak Venemaa vastu,\u201c kuulutas Putin mobilisatsiooni kohta, vahendab&hellip;\n","protected":false},"author":2,"featured_media":266340,"comment_status":"","ping_status":"","sticky":false,"template":"","format":"standard","meta":{"footnotes":"","_share_on_mastodon":"0"},"categories":[80],"tags":[102902,26,27,324,37,33,35,34,36,31,32,21,8831,6581,28,29,1160,95,6822,19,25,51,107,8832,23,24,262,22,325,20,96,30,661,263,92,93,94],"class_list":["post-266339","post","type-post","status-publish","format-standard","has-post-thumbnail","category-maailm","tag-biskek","tag-breaking-news","tag-breakingnews","tag-donald-trump","tag-ee","tag-eesti","tag-eesti-keel","tag-estonia","tag-estonian","tag-featured-news","tag-featurednews","tag-headlines","tag-jared-kushner","tag-korgozstan","tag-latest-news","tag-latestnews","tag-leipzig","tag-maailm","tag-mobilisatsioon","tag-news","tag-populaarseimad-lood","tag-saksamaa","tag-soda-ukrainas","tag-steve-witkoff","tag-top-stories","tag-topstories","tag-ukraina","tag-uldised-uudised","tag-usa","tag-uudised","tag-venemaa","tag-viimased-uudised","tag-vladimir-putin","tag-volodomor-zelenskoi","tag-world","tag-world-news","tag-worldnews"],"share_on_mastodon":{"url":"","error":"Validation failed: Text character limit of 500 exceeded"},"_links":{"self":[{"href":"https:\/\/www.europesays.com\/ee\/wp-json\/wp\/v2\/posts\/266339","targetHints":{"allow":["GET"]}}],"collection":[{"href":"https:\/\/www.europesays.com\/ee\/wp-json\/wp\/v2\/posts"}],"about":[{"href":"https:\/\/www.europesays.com\/ee\/wp-json\/wp\/v2\/types\/post"}],"author":[{"embeddable":true,"href":"https:\/\/www.europesays.com\/ee\/wp-json\/wp\/v2\/users\/2"}],"replies":[{"embeddable":true,"href":"https:\/\/www.europesays.com\/ee\/wp-json\/wp\/v2\/comments?post=266339"}],"version-history":[{"count":0,"href":"https:\/\/www.europesays.com\/ee\/wp-json\/wp\/v2\/posts\/266339\/revisions"}],"wp:featuredmedia":[{"embeddable":true,"href":"https:\/\/www.europesays.com\/ee\/wp-json\/wp\/v2\/media\/266340"}],"wp:attachment":[{"href":"https:\/\/www.europesays.com\/ee\/wp-json\/wp\/v2\/media?parent=266339"}],"wp:term":[{"taxonomy":"category","embeddable":true,"href":"https:\/\/www.europesays.com\/ee\/wp-json\/wp\/v2\/categories?post=266339"},{"taxonomy":"post_tag","embeddable":true,"href":"https:\/\/www.europesays.com\/ee\/wp-json\/wp\/v2\/tags?post=266339"}],"curies":[{"name":"wp","href":"https:\/\/api.w.org\/{rel}","templated":true}]}}