{"id":266349,"date":"2026-09-02T06:47:15","date_gmt":"2026-09-02T06:47:15","guid":{"rendered":"https:\/\/www.europesays.com\/ee\/266349\/"},"modified":"2026-09-02T06:47:15","modified_gmt":"2026-09-02T06:47:15","slug":"ceutas-on-vallandunud-kaos-ja-vagivald-politsei-karjatab-noori-mehi-malakatega","status":"publish","type":"post","link":"https:\/\/www.europesays.com\/ee\/266349\/","title":{"rendered":"Ceutas on vallandunud kaos ja v\u00e4givald, politsei karjatab noori mehi malakatega"},"content":{"rendered":"<p>Ceuta k\u00e4\u00e4nulistel t\u00e4navatel p\u00f5rkuvad omavahel kolm vastandlikku ootust: peaminister Pedro S\u00e1ncheze lubadus \u00abv\u00e4\u00e4rikalt\u00bb lahendatud kriisist, kohalike hirm ja v\u00e4simus ning parema elu otsingul r\u00e4ndajate luhtuv unistus. Nende vahele on j\u00e4\u00e4nud politsei, kes p\u00fc\u00fcab korraga tagada nii julgeolekut kui \u00f5igust varjupaigataotlusele.<\/p>\n<p>Ametlik statistika, linnajuhtide hinnangud ja j\u00f5ustruktuuride kogemus annavad kriisist t\u00e4iesti erineva pildi. Miks on numbrid sedav\u00f5rd vastuolulised ning kuidas on neist saanud s\u00fcmbol, mille \u00fcmber kasvab nii poliitiline pinge kui t\u00e4navav\u00e4givald?<\/p>\n","protected":false},"excerpt":{"rendered":"Ceuta k\u00e4\u00e4nulistel t\u00e4navatel p\u00f5rkuvad omavahel kolm vastandlikku ootust: peaminister Pedro S\u00e1ncheze lubadus \u00abv\u00e4\u00e4rikalt\u00bb lahendatud kriisist, kohalike hirm ja&hellip;\n","protected":false},"author":2,"featured_media":266350,"comment_status":"","ping_status":"","sticky":false,"template":"","format":"standard","meta":{"footnotes":"","_share_on_mastodon":"0"},"categories":[80],"tags":[26,27,95423,37,33,35,34,36,590,31,32,21,110,28,29,95,11852,95963,19,1141,25,23,24,22,20,21024,95309,30,92,93,94],"class_list":["post-266349","post","type-post","status-publish","format-standard","has-post-thumbnail","category-maailm","tag-breaking-news","tag-breakingnews","tag-ceuta","tag-ee","tag-eesti","tag-eesti-keel","tag-estonia","tag-estonian","tag-euroopa-liit","tag-featured-news","tag-featurednews","tag-headlines","tag-hispaania","tag-latest-news","tag-latestnews","tag-maailm","tag-maroko","tag-migratsioonikriis","tag-news","tag-pedro-sanchez","tag-populaarseimad-lood","tag-top-stories","tag-topstories","tag-uldised-uudised","tag-uudised","tag-valjasaatmine","tag-varjupaigataotlus","tag-viimased-uudised","tag-world","tag-world-news","tag-worldnews"],"share_on_mastodon":{"url":"https:\/\/pubeurope.com\/@ee\/117200109058746291","error":""},"_links":{"self":[{"href":"https:\/\/www.europesays.com\/ee\/wp-json\/wp\/v2\/posts\/266349","targetHints":{"allow":["GET"]}}],"collection":[{"href":"https:\/\/www.europesays.com\/ee\/wp-json\/wp\/v2\/posts"}],"about":[{"href":"https:\/\/www.europesays.com\/ee\/wp-json\/wp\/v2\/types\/post"}],"author":[{"embeddable":true,"href":"https:\/\/www.europesays.com\/ee\/wp-json\/wp\/v2\/users\/2"}],"replies":[{"embeddable":true,"href":"https:\/\/www.europesays.com\/ee\/wp-json\/wp\/v2\/comments?post=266349"}],"version-history":[{"count":0,"href":"https:\/\/www.europesays.com\/ee\/wp-json\/wp\/v2\/posts\/266349\/revisions"}],"wp:featuredmedia":[{"embeddable":true,"href":"https:\/\/www.europesays.com\/ee\/wp-json\/wp\/v2\/media\/266350"}],"wp:attachment":[{"href":"https:\/\/www.europesays.com\/ee\/wp-json\/wp\/v2\/media?parent=266349"}],"wp:term":[{"taxonomy":"category","embeddable":true,"href":"https:\/\/www.europesays.com\/ee\/wp-json\/wp\/v2\/categories?post=266349"},{"taxonomy":"post_tag","embeddable":true,"href":"https:\/\/www.europesays.com\/ee\/wp-json\/wp\/v2\/tags?post=266349"}],"curies":[{"name":"wp","href":"https:\/\/api.w.org\/{rel}","templated":true}]}}