{"id":266357,"date":"2026-09-02T06:59:06","date_gmt":"2026-09-02T06:59:06","guid":{"rendered":"https:\/\/www.europesays.com\/ee\/266357\/"},"modified":"2026-09-02T06:59:06","modified_gmt":"2026-09-02T06:59:06","slug":"kliimamuutused-ahvardavad-luua-uppi-euroopa-plaani-kasutada-rohkem-tuumaenergiat","status":"publish","type":"post","link":"https:\/\/www.europesays.com\/ee\/266357\/","title":{"rendered":"Kliimamuutused \u00e4hvardavad l\u00fc\u00fca uppi Euroopa plaani kasutada rohkem tuumaenergiat"},"content":{"rendered":"<p class=\"MsoNormal\">Kuumalained ja s\u00fcvenev p\u00f5ud langetasid augustis Euroopa j\u00f5gede veetaseme rekordiliselt madalaks, mis j\u00e4ttis mitmel pool tuumaelektrijaamad ilma reaktorite jahutamiseks vajalikust veest. Sellest tulenevad seisakud ja tootmise k\u00e4rped sunnivad n\u00fc\u00fcd <a target=\"_blank\" rel=\"noopener noreferrer nofollow\" href=\"https:\/\/www.politico.eu\/article\/climate-change-threatens-europe-nuclear-renaissance\/\">Politico<\/a> andmeil valitsusi ja ettev\u00f5tteid kaaluma, kas nende mitmete miljardite eurodeni ulatuvaid investeeringuplaane uute tuumaelektrijaamade ehitamiseks tuleks kohandada, et v\u00f5tta arvesse kliimakatastroofidest l\u00e4htuvat aina suuremat ohtu.<\/p>\n","protected":false},"excerpt":{"rendered":"Kuumalained ja s\u00fcvenev p\u00f5ud langetasid augustis Euroopa j\u00f5gede veetaseme rekordiliselt madalaks, mis j\u00e4ttis mitmel pool tuumaelektrijaamad ilma reaktorite&hellip;\n","protected":false},"author":2,"featured_media":266358,"comment_status":"","ping_status":"","sticky":false,"template":"","format":"standard","meta":{"footnotes":"","_share_on_mastodon":"0"},"categories":[12],"tags":[26,27,37,33,35,35266,41136,34,36,590,31,32,21,103305,103304,2354,25326,28,29,19,25,3074,23,24,33363,3659,22,20,30],"class_list":["post-266357","post","type-post","status-publish","format-standard","has-post-thumbnail","category-eesti","tag-breaking-news","tag-breakingnews","tag-ee","tag-eesti","tag-eesti-keel","tag-elektritootmine","tag-energiapoliitika","tag-estonia","tag-estonian","tag-euroopa-liit","tag-featured-news","tag-featurednews","tag-headlines","tag-jahutussusteem","tag-jogede-veetase","tag-kliimamuutused","tag-kuumalained","tag-latest-news","tag-latestnews","tag-news","tag-populaarseimad-lood","tag-poud","tag-top-stories","tag-topstories","tag-tuumaelektrijaam","tag-tuumaenergia","tag-uldised-uudised","tag-uudised","tag-viimased-uudised"],"share_on_mastodon":{"url":"https:\/\/pubeurope.com\/@ee\/117200156290422998","error":""},"_links":{"self":[{"href":"https:\/\/www.europesays.com\/ee\/wp-json\/wp\/v2\/posts\/266357","targetHints":{"allow":["GET"]}}],"collection":[{"href":"https:\/\/www.europesays.com\/ee\/wp-json\/wp\/v2\/posts"}],"about":[{"href":"https:\/\/www.europesays.com\/ee\/wp-json\/wp\/v2\/types\/post"}],"author":[{"embeddable":true,"href":"https:\/\/www.europesays.com\/ee\/wp-json\/wp\/v2\/users\/2"}],"replies":[{"embeddable":true,"href":"https:\/\/www.europesays.com\/ee\/wp-json\/wp\/v2\/comments?post=266357"}],"version-history":[{"count":0,"href":"https:\/\/www.europesays.com\/ee\/wp-json\/wp\/v2\/posts\/266357\/revisions"}],"wp:featuredmedia":[{"embeddable":true,"href":"https:\/\/www.europesays.com\/ee\/wp-json\/wp\/v2\/media\/266358"}],"wp:attachment":[{"href":"https:\/\/www.europesays.com\/ee\/wp-json\/wp\/v2\/media?parent=266357"}],"wp:term":[{"taxonomy":"category","embeddable":true,"href":"https:\/\/www.europesays.com\/ee\/wp-json\/wp\/v2\/categories?post=266357"},{"taxonomy":"post_tag","embeddable":true,"href":"https:\/\/www.europesays.com\/ee\/wp-json\/wp\/v2\/tags?post=266357"}],"curies":[{"name":"wp","href":"https:\/\/api.w.org\/{rel}","templated":true}]}}