{"id":266359,"date":"2026-09-02T07:02:09","date_gmt":"2026-09-02T07:02:09","guid":{"rendered":"https:\/\/www.europesays.com\/ee\/266359\/"},"modified":"2026-09-02T07:02:09","modified_gmt":"2026-09-02T07:02:09","slug":"linnamuuri-aares-avati-pop-up-galerii-oujea-kunst","status":"publish","type":"post","link":"https:\/\/www.europesays.com\/ee\/266359\/","title":{"rendered":"Linnam\u00fc\u00fcri \u00e4\u00e4res avati pop-up galerii Oujea | Kunst"},"content":{"rendered":"<p>Tallinna kunstigaleriide hulka on tekkimas uus, nii-\u00f6elda pop-up galerii, nimega Oujea. Galerii avav\u00e4ljapaneku tegid Sonja Sutt ja Irma Holm ning see kannab pealkirja &#8220;V\u00f5ib n\u00e4ida v\u00f5imatuna see&#8221;.<\/p>\n<p>Vaimustush\u00fc\u00fcet v\u00e4ljendava nimega galerii asub vanalinnas, linnam\u00fc\u00fcri \u00e4\u00e4res, Laboratooriumi 14. Oujea galerii eestvedaja on foto- , video- ja installatsioonikunstnik Hanna Samoson. Samosoni s\u00f5nul oli ta juba kaua otsinud v\u00f5imalust s\u00f5ltumatu galerii asutamiseks.<\/p>\n<p>&#8220;Vajadus tuli, jah, sellest, et v\u00f5tta ohjad enda k\u00e4tte, et olla mitte niiv\u00f5rd s\u00f5ltuv ja leida ise mingi koht, kus teha n\u00e4itus. Nii palju on hooneid, mis seisavad niisama, miks siis mitte k\u00fcsida. Tundub ka p\u00f5nev minna kuhugi, kus varem k\u00e4inud pole, tunda, milline on see kohavaim ja mida ette annab,&#8221; r\u00e4\u00e4kis Samoson.<\/p>\n<p><img decoding=\"async\" data-photo-id=\"3790495\" src=\"https:\/\/www.europesays.com\/ee\/wp-content\/uploads\/2026\/09\/3790495h59c4t24.jpg\"\/>Holm, Samoson ja Sutt n\u00e4ituse avamisel Autor\/allikas: Mari Karjus<\/p>\n<p>Irma Holm ja Sonja Sutt k\u00e4sitlevad viide ruumi paigutuva n\u00e4itusega kannatuse ja sellest v\u00e4ljap\u00e4\u00e4semise teemat.<\/p>\n<p>&#8220;See on teekond, mille me enda jaoks l\u00e4bi m\u00f5tlesime. Meie n\u00e4gemus sellest, et kui inimene elab midagi rasket l\u00e4bi, siis kuidas ta selle \u00fcletab ja nende j\u00e4reldusteni j\u00f5udsime l\u00e4bi enda elukogemuse,&#8221; selgitas Sutt.<\/p>\n<p>&#8220;Me otsisime h\u00e4sti pikalt ruumi, mis toetaks seda lugu, et me saaks selle ruumiga ka m\u00e4ngida ja et see ruum inspireeriks ka edasi ja t\u00f5esti, me leidsime perfektse koha l\u00f5puks selleks,&#8221; lisas Holm.<\/p>\n<p>Kohaspetsiifiline n\u00e4itusmuinasjutt &#8220;V\u00f5ib n\u00e4ida v\u00f5imatuna see&#8221; j\u00e4\u00e4b Tallinnas, Laboratooriumi 14 asuvas pop-up galeriis Oujea vaadata selle n\u00e4dala l\u00f5puni.<\/p>\n","protected":false},"excerpt":{"rendered":"Tallinna kunstigaleriide hulka on tekkimas uus, nii-\u00f6elda pop-up galerii, nimega Oujea. Galerii avav\u00e4ljapaneku tegid Sonja Sutt ja Irma&hellip;\n","protected":false},"author":2,"featured_media":266360,"comment_status":"","ping_status":"","sticky":false,"template":"","format":"standard","meta":{"footnotes":"","_share_on_mastodon":"0"},"categories":[89],"tags":[227,225,226,228,37,33,35,173,34,36,72713,21421,229,230,140,103306,21423],"class_list":["post-266359","post","type-post","status-publish","format-standard","has-post-thumbnail","category-kunst-ja-kujundus","tag-arts","tag-arts-and-design","tag-artsdesign","tag-design","tag-ee","tag-eesti","tag-eesti-keel","tag-entertainment","tag-estonia","tag-estonian","tag-hanna-samoson","tag-irma-holm","tag-kunst-ja-kujundus","tag-kunstkujundus","tag-meelelahutus","tag-oujea","tag-sonja-sutt"],"share_on_mastodon":{"url":"https:\/\/pubeurope.com\/@ee\/117200168362863849","error":""},"_links":{"self":[{"href":"https:\/\/www.europesays.com\/ee\/wp-json\/wp\/v2\/posts\/266359","targetHints":{"allow":["GET"]}}],"collection":[{"href":"https:\/\/www.europesays.com\/ee\/wp-json\/wp\/v2\/posts"}],"about":[{"href":"https:\/\/www.europesays.com\/ee\/wp-json\/wp\/v2\/types\/post"}],"author":[{"embeddable":true,"href":"https:\/\/www.europesays.com\/ee\/wp-json\/wp\/v2\/users\/2"}],"replies":[{"embeddable":true,"href":"https:\/\/www.europesays.com\/ee\/wp-json\/wp\/v2\/comments?post=266359"}],"version-history":[{"count":0,"href":"https:\/\/www.europesays.com\/ee\/wp-json\/wp\/v2\/posts\/266359\/revisions"}],"wp:featuredmedia":[{"embeddable":true,"href":"https:\/\/www.europesays.com\/ee\/wp-json\/wp\/v2\/media\/266360"}],"wp:attachment":[{"href":"https:\/\/www.europesays.com\/ee\/wp-json\/wp\/v2\/media?parent=266359"}],"wp:term":[{"taxonomy":"category","embeddable":true,"href":"https:\/\/www.europesays.com\/ee\/wp-json\/wp\/v2\/categories?post=266359"},{"taxonomy":"post_tag","embeddable":true,"href":"https:\/\/www.europesays.com\/ee\/wp-json\/wp\/v2\/tags?post=266359"}],"curies":[{"name":"wp","href":"https:\/\/api.w.org\/{rel}","templated":true}]}}