{"id":266373,"date":"2026-09-02T07:23:09","date_gmt":"2026-09-02T07:23:09","guid":{"rendered":"https:\/\/www.europesays.com\/ee\/266373\/"},"modified":"2026-09-02T07:23:09","modified_gmt":"2026-09-02T07:23:09","slug":"usa-runnak-tappis-vaidetavalt-iraanis-viis-pulmalist-ja-iraan-rundas-vastuseks-usa-baase","status":"publish","type":"post","link":"https:\/\/www.europesays.com\/ee\/266373\/","title":{"rendered":"USA r\u00fcnnak tappis v\u00e4idetavalt Iraanis viis pulmalist ja Iraan r\u00fcndas vastuseks USA baase"},"content":{"rendered":"<p>Iraani Punane Poolkuu teatas, et viis inimest, sealhulgas laps, hukkus ja \u00fcle 50 sai vigastada, kui USA raketir\u00fcnnaku t\u00f5ttu sai L\u00f5una-Iraanis Sirikis tabamuse maja, kus peeti pulmapidu, vahendab BBC News.<\/p>\n<p>USA s\u00f5jav\u00e4gi teatas, et on nendest teadetest teadlik, aga ei sihi kunagi tsiviilisikuid.<\/p>\n<p>USA Keskv\u00e4ejuhatus (CENTCOM) teatas, et USA r\u00fcnnakud j\u00e4rgnesid Iraani revolutsioonilise kaardiv\u00e4e hiljutistele r\u00fcnnakukatsetele kaubalaevade vastu <a rel=\"noopener nofollow\" target=\"_blank\" href=\"https:\/\/www.delfi.ee\/teema\/96870700\/hormuzi-vain\" tag-id=\"96870700\">Hormuzi v\u00e4inas<\/a> ja USA v\u00e4gede vastu regioonis.<\/p>\n<p>Revolutsiooniline kaardiv\u00e4gi teatas, et USA veel kahetseb oma r\u00fcnnakuid. \u00d6\u00f6l vastu t\u00e4nast lasi kaardiv\u00e4gi v\u00e4lja ballistilisi rakette USA merejalav\u00e4e baasi pihta Jordaanias Aqabas, mis oli k\u00e4ttemaks Siriki r\u00fcnnaku eest, teatas Iraani uudisteagentuur Tasnim.<\/p>\n<p>Jordaania relvaj\u00f5ud teatasid, et t\u00f5kestasid 13 ballistilist raketti, millest k\u00fcmme h\u00e4vitati ja kolm kukkusid k\u00f5rvalisse piirkonda. Kannatanuid ei ole.<\/p>\n<p>Kuveidi armee teatas, et ka sealne \u00f5hut\u00f5rje reageeris Iraani rakettidele.<\/p>\n<p>Mitut plahvatust oli Iraani meedia teatel kuulda ka Bahreinis.<\/p>\n<p>Iraani uudisteagentuur IRNA teatas veel, et revolutsiooniline kaardiv\u00e4gi r\u00fcndas USA baase Iraagi autonoomses <a rel=\"noopener nofollow\" target=\"_blank\" href=\"https:\/\/www.delfi.ee\/teema\/57253770\/kurdistan\" tag-id=\"57253770\">Kurdistani<\/a> piirkonnas, h\u00e4vitades hoolduskeskuse, laohooneid ja varustust.<\/p>\n<p>USA j\u00e4tkas p\u00e4rast umbes kuupikkust pausi sel n\u00e4dalal Iraani r\u00fcndamist, millele <a rel=\"noopener nofollow\" target=\"_blank\" href=\"https:\/\/www.delfi.ee\/teema\/35419585\/teheran\" tag-id=\"35419585\">Teheran<\/a> vastas omapoolsete l\u00f6\u00f6kidega USA baaside vastu regioonis.<\/p>\n<p>Kuidas see lugu Sind end tundma pani?Saada<a href=\"https:\/\/www.delfi.ee\/artikkel\/120607766\/usa-runnak-tappis-vaidetavalt-iraanis-viis-pulmalist-ja-iraan-rundas-vastuseks-usa-baase\/kommentaarid\" class=\"button button--primary button--size-auto article-body-bottom__comment article-body-bottom__comment--write\" style=\"\" rel=\"nofollow noopener\" target=\"_blank\">Kommenteeri<\/a><a href=\"https:\/\/www.delfi.ee\/artikkel\/120607766\/usa-runnak-tappis-vaidetavalt-iraanis-viis-pulmalist-ja-iraan-rundas-vastuseks-usa-baase\/kommentaarid\" class=\"button button--size-auto article-body-bottom__comment article-body-bottom__comment--read\" style=\"\" rel=\"nofollow noopener\" target=\"_blank\">Loe kommentaare (1)<\/a><\/p>\n","protected":false},"excerpt":{"rendered":"Iraani Punane Poolkuu teatas, et viis inimest, sealhulgas laps, hukkus ja \u00fcle 50 sai vigastada, kui USA raketir\u00fcnnaku&hellip;\n","protected":false},"author":2,"featured_media":266374,"comment_status":"","ping_status":"","sticky":false,"template":"","format":"standard","meta":{"footnotes":"","_share_on_mastodon":"0"},"categories":[5],"tags":[52958,26,27,37,33,35,34,36,31,32,21,46527,4882,1925,11850,56544,17959,28,29,19,25,5272,23,24,22,325,20,30],"class_list":["post-266373","post","type-post","status-publish","format-standard","has-post-thumbnail","category-uldised-uudised","tag-bahrein","tag-breaking-news","tag-breakingnews","tag-ee","tag-eesti","tag-eesti-keel","tag-estonia","tag-estonian","tag-featured-news","tag-featurednews","tag-headlines","tag-hormuzi-vain","tag-iraak","tag-iraan","tag-jordaania","tag-kurdistan","tag-kuveit","tag-latest-news","tag-latestnews","tag-news","tag-populaarseimad-lood","tag-teheran","tag-top-stories","tag-topstories","tag-uldised-uudised","tag-usa","tag-uudised","tag-viimased-uudised"],"share_on_mastodon":{"url":"https:\/\/pubeurope.com\/@ee\/117200250616968217","error":""},"_links":{"self":[{"href":"https:\/\/www.europesays.com\/ee\/wp-json\/wp\/v2\/posts\/266373","targetHints":{"allow":["GET"]}}],"collection":[{"href":"https:\/\/www.europesays.com\/ee\/wp-json\/wp\/v2\/posts"}],"about":[{"href":"https:\/\/www.europesays.com\/ee\/wp-json\/wp\/v2\/types\/post"}],"author":[{"embeddable":true,"href":"https:\/\/www.europesays.com\/ee\/wp-json\/wp\/v2\/users\/2"}],"replies":[{"embeddable":true,"href":"https:\/\/www.europesays.com\/ee\/wp-json\/wp\/v2\/comments?post=266373"}],"version-history":[{"count":0,"href":"https:\/\/www.europesays.com\/ee\/wp-json\/wp\/v2\/posts\/266373\/revisions"}],"wp:featuredmedia":[{"embeddable":true,"href":"https:\/\/www.europesays.com\/ee\/wp-json\/wp\/v2\/media\/266374"}],"wp:attachment":[{"href":"https:\/\/www.europesays.com\/ee\/wp-json\/wp\/v2\/media?parent=266373"}],"wp:term":[{"taxonomy":"category","embeddable":true,"href":"https:\/\/www.europesays.com\/ee\/wp-json\/wp\/v2\/categories?post=266373"},{"taxonomy":"post_tag","embeddable":true,"href":"https:\/\/www.europesays.com\/ee\/wp-json\/wp\/v2\/tags?post=266373"}],"curies":[{"name":"wp","href":"https:\/\/api.w.org\/{rel}","templated":true}]}}