{"id":266385,"date":"2026-09-02T07:43:56","date_gmt":"2026-09-02T07:43:56","guid":{"rendered":"https:\/\/www.europesays.com\/ee\/266385\/"},"modified":"2026-09-02T07:43:56","modified_gmt":"2026-09-02T07:43:56","slug":"eesti-majandus-naitab-kasvu-ent-investeeringud-ja-eksport-langevad","status":"publish","type":"post","link":"https:\/\/www.europesays.com\/ee\/266385\/","title":{"rendered":"Eesti majandus n\u00e4itab kasvu, ent investeeringud ja eksport langevad"},"content":{"rendered":"<p class=\"text-muted-foreground text-[15px] leading-relaxed\">Eesti majandus kasvas 2026. aasta teises kvartalis 1,8 protsenti, t\u00e4histades viiendat j\u00e4rjestikust laienemist, kuid samal ajal langesid investeeringud teist kvartalit j\u00e4rjest ning netoeeksport muutus negatiivseks, import \u00fcletas eksporti 70 miljoni euroga.<\/p>\n<ul class=\"space-y-3 text-[15px] leading-relaxed\">\n<li class=\"flex gap-3\">\u2014Eesti sisemajanduse koguprodukt (SKP) kasvas 2026. aasta teises kvartalis 1,8 protsenti v\u00f5rreldes 2025. aasta sama perioodiga, t\u00e4histades viiendat j\u00e4rjestikust majanduskasvu kvartalit.<\/li>\n<li class=\"flex gap-3\">\u2014Selle kasvu peamiseks veduriks oli t\u00f6\u00f6tlev t\u00f6\u00f6stus, mille lisandv\u00e4\u00e4rtus kasvas 6,5 protsenti, j\u00e4rgnesid p\u00f5llumajandus, metsandus ja kalandus, mille lisandv\u00e4\u00e4rtus kasvas 168 protsenti.<\/li>\n<li class=\"flex gap-3\">\u2014Vaatamata \u00fcldisele majanduskasvule v\u00e4henesid investeeringud teist kvartalit j\u00e4rjest, eriti elamutesse ja mittefinantsettev\u00f5tete poolt.<\/li>\n<li class=\"flex gap-3\">\u2014Esimest korda alates 2024. aasta neljandast kvartalist oli Eestil negatiivne netoeeksport, kus kaupade ja teenuste import \u00fcletas eksporti 70 miljoni euro v\u00f5rra.<\/li>\n<li class=\"flex gap-3\">\u2014SKP kasvu negatiivselt m\u00f5jutanud v\u00f5tmesektorite hulka kuulusid kinnisvarategevus, hulgi- ja jaekaubandus ning elektrienergia, gaasi, auru ja kliimaseadmete varustus.<\/li>\n<\/ul>\n","protected":false},"excerpt":{"rendered":"Eesti majandus kasvas 2026. aasta teises kvartalis 1,8 protsenti, t\u00e4histades viiendat j\u00e4rjestikust laienemist, kuid samal ajal langesid investeeringud&hellip;\n","protected":false},"author":2,"featured_media":266386,"comment_status":"","ping_status":"","sticky":false,"template":"","format":"standard","meta":{"footnotes":"","_share_on_mastodon":"0"},"categories":[14],"tags":[131,130,37,33,35,1850,4527,34,36,6746,7165,9886,672,3424,69,8352],"class_list":["post-266385","post","type-post","status-publish","format-standard","has-post-thumbnail","category-ari","tag-ari","tag-business","tag-ee","tag-eesti","tag-eesti-keel","tag-eksport","tag-energia","tag-estonia","tag-estonian","tag-import","tag-investeeringud","tag-kaubandus","tag-majandus","tag-pollumajandus","tag-skp","tag-tootlev-toostus"],"share_on_mastodon":{"url":"https:\/\/pubeurope.com\/@ee\/117200333188026495","error":""},"_links":{"self":[{"href":"https:\/\/www.europesays.com\/ee\/wp-json\/wp\/v2\/posts\/266385","targetHints":{"allow":["GET"]}}],"collection":[{"href":"https:\/\/www.europesays.com\/ee\/wp-json\/wp\/v2\/posts"}],"about":[{"href":"https:\/\/www.europesays.com\/ee\/wp-json\/wp\/v2\/types\/post"}],"author":[{"embeddable":true,"href":"https:\/\/www.europesays.com\/ee\/wp-json\/wp\/v2\/users\/2"}],"replies":[{"embeddable":true,"href":"https:\/\/www.europesays.com\/ee\/wp-json\/wp\/v2\/comments?post=266385"}],"version-history":[{"count":0,"href":"https:\/\/www.europesays.com\/ee\/wp-json\/wp\/v2\/posts\/266385\/revisions"}],"wp:featuredmedia":[{"embeddable":true,"href":"https:\/\/www.europesays.com\/ee\/wp-json\/wp\/v2\/media\/266386"}],"wp:attachment":[{"href":"https:\/\/www.europesays.com\/ee\/wp-json\/wp\/v2\/media?parent=266385"}],"wp:term":[{"taxonomy":"category","embeddable":true,"href":"https:\/\/www.europesays.com\/ee\/wp-json\/wp\/v2\/categories?post=266385"},{"taxonomy":"post_tag","embeddable":true,"href":"https:\/\/www.europesays.com\/ee\/wp-json\/wp\/v2\/tags?post=266385"}],"curies":[{"name":"wp","href":"https:\/\/api.w.org\/{rel}","templated":true}]}}