{"id":266395,"date":"2026-09-02T07:59:14","date_gmt":"2026-09-02T07:59:14","guid":{"rendered":"https:\/\/www.europesays.com\/ee\/266395\/"},"modified":"2026-09-02T07:59:14","modified_gmt":"2026-09-02T07:59:14","slug":"perling-kaitseministeeriumi-krahhist-michal-hiilib-koos-pevkuriga-vastutusest-korvale","status":"publish","type":"post","link":"https:\/\/www.europesays.com\/ee\/266395\/","title":{"rendered":"Perling kaitseministeeriumi krahhist: Michal hiilib koos Pevkuriga vastutusest k\u00f5rvale"},"content":{"rendered":"<p>Parempoolsete esimehe Lavly Perlingu s\u00f5nul oli peaministril ja kaitseministril \u00fcks peamine \u00fclesanne: anda inimestele kindlus, et riigikaitsesse suunatud raha kasutatakse ausalt. \u201eReformierakond on selles t\u00e4ielikult l\u00e4bikukkunud. See laastab \u00fchiskonna moraali,\u201c nentis Parempoolsete esimees.<\/p>\n<p><a href=\"https:\/\/ekspress.delfi.ee\/artikkel\/120607714\/eesti-maksis-70-miljonit-eurot-indialastele-kes-polnud-varem-uhtegi-mursku-muunud#dalrel-in-article\" class=\"content-embedded-articles-double__embedded-article\" data-v-a517420a=\"\" rel=\"nofollow noopener\" target=\"_blank\"><\/p>\n<p>02.09.2026<\/p>\n<p>Eesti maksis 70 miljonit eurot indialastele, kes polnud varem \u00fchtegi m\u00fcrsku m\u00fc\u00fcnud(657)<\/p>\n<p><\/a><a href=\"https:\/\/ekspress.delfi.ee\/artikkel\/120607700\/kriminaalasi-prokuratuur-uurib-segadust-kaitseministeeriumi-raamatupidamises#dalrel-in-article\" class=\"content-embedded-articles-double__embedded-article\" data-v-a517420a=\"\" rel=\"nofollow noopener\" target=\"_blank\"><\/p>\n<p>01.09.2026<\/p>\n<p>Kriminaalasi. Prokuratuur uurib segadust kaitseministeeriumi raamatupidamises(299)<\/p>\n<p><\/a><\/p>\n<p>Perling r\u00f5hutas, et juba 11 kuud on k\u00e4inud kriminaaluurimine: \u201ePeaminister on olnud kursis s\u00fcsteemsete puudustega riigikaitse varades, kuid otsustanud kaitsekuludega seotud l\u00e4bikukkumist avalikkuse eest varjata ning koos kaitseministriga vastutusest k\u00f5rvale hiilida.\u201c<\/p>\n<p>\u201eEesti inimesed vajavad kiireid vastuseid, kas lisaks 70 miljonile t\u00fchja Indiasse kantud rahale on Reformierakond mitteotstarbekalt kasutatud ka teisi riigikaitseks eraldatud vahendeid. Paratamatult meenub k\u00f5igile Johanna-Maria Lehtme skandaal, kus \u00fclla eesm\u00e4rgi t\u00e4he all tegeleti t\u00f5en\u00e4oliselt varastamisega, kuid seekord kannab kahju annetajate asemel iga maksumaksja,\u201c s\u00f5nas Perling.<\/p>\n<p>\u201eMe ei tohi lasta endale etendada n\u00e4idendit, kus neljap\u00e4eval l\u00e4heb kaitseminister peaministri vaibale, teatab, et tema vastutab ning astub tagasi. Kristen Michal on Eesti riigikaitset alav\u00e4\u00e4ristava l\u00e4bikukkumise kaasosaline. Lisaks Hanno Pevkurile peab vastutama ka tema, sest just Michali valitsus ei ole suutnud enam kui aasta jooksul veenvalt t\u00f5estada, et riigikaitseraha ei ole v\u00f5imalik v\u00e4\u00e4rkasutada,\u201c s\u00f5nas Perling.<\/p>\n<p>Parempoolsed arutasid tekkinud olukorda ka erakonna juhatuses. \u201eParempoolsete juhatus leiab, et see on Eesti riigikaitse osas juba mitmes vale, mida Reformierakond esitleb. Varem oleme teada saanud, et inimestele kehtestati riigikaitse tugevdamiseks uued maksud, kuid sellest l\u00e4ks riigikaitsesse 27 protsenti. Siis kuulsime, et laenu v\u00f5ttis Reformierakond riigikaitseks, kuid selgus, et laengi l\u00e4ks tegelikult hoopis pensionide ja sotsiaaltoetuste maksmiseks. N\u00fc\u00fcd saame teada, et samal ajal on k\u00e4inud kriminaaluurimine ning kaitseministeeriumi rahakasutuse osas on t\u00f5sised k\u00fcsimused,\u201c v\u00f5ttis Perling kokku Parempoolsete juhatuse seisukoha.<\/p>\n<p>Parempoolsete esimehe s\u00f5nul on t\u00e4naseks tekkinud olukord, kus vara olemasolu v\u00f5i selle puudumise kohta pole teavet, s\u00fcsteemides valitseb pikaajaline ja ulatuslik korralagedus ning selle k\u00f5ige t\u00f5ttu on pihta saanud inimeste usaldus oma riiki. \u201eK\u00f5ige olulisem \u00fclesanne on olnud t\u00e4nases seisus valitsusel anda inimestele kindlustunnet. Arvestades, kui palju on maksudena inimeste k\u00e4est kaitseks raha kokku kogutud, siis on m\u00f5eldamatu, et l\u00fchikese ajaga suure rahavoo osas puudub s\u00fcsteem ja pole suudetud ehitada s\u00fcsteemi, mis annaks vastused, kas vara on kadunud, kas kahju on tekkinud, kui palju ja kas tegemist on kuritahtlikkusega v\u00f5i hooletusega,\u201c selgitas ta.<\/p>\n<p>Kuidas see lugu Sind end tundma pani?Saada<a href=\"https:\/\/www.delfi.ee\/artikkel\/120607769\/perling-kaitseministeeriumi-krahhist-michal-hiilib-koos-pevkuriga-vastutusest-korvale\/kommentaarid\" class=\"button button--primary button--size-auto article-body-bottom__comment article-body-bottom__comment--write\" style=\"\" rel=\"nofollow noopener\" target=\"_blank\">Kommenteeri<\/a><a href=\"https:\/\/www.delfi.ee\/artikkel\/120607769\/perling-kaitseministeeriumi-krahhist-michal-hiilib-koos-pevkuriga-vastutusest-korvale\/kommentaarid\" class=\"button button--size-auto article-body-bottom__comment article-body-bottom__comment--read\" style=\"\" rel=\"nofollow noopener\" target=\"_blank\">Loe kommentaare (23)<\/a><\/p>\n","protected":false},"excerpt":{"rendered":"Parempoolsete esimehe Lavly Perlingu s\u00f5nul oli peaministril ja kaitseministril \u00fcks peamine \u00fclesanne: anda inimestele kindlus, et riigikaitsesse suunatud&hellip;\n","protected":false},"author":2,"featured_media":266396,"comment_status":"","ping_status":"","sticky":false,"template":"","format":"standard","meta":{"footnotes":"","_share_on_mastodon":"0"},"categories":[5],"tags":[687,679,667,26,27,673,688,663,662,37,33,35,684,683,692,34,36,31,32,208,148,21,206,668,669,381,686,677,694,691,339,680,28,29,671,672,377,690,144,678,665,19,693,676,666,25,322,664,150,695,685,159,394,682,674,675,23,24,689,222,22,20,670,681,149,30],"class_list":["post-266395","post","type-post","status-publish","format-standard","has-post-thumbnail","category-uldised-uudised","tag-ajaviide","tag-autoleht","tag-blog","tag-breaking-news","tag-breakingnews","tag-cv","tag-date","tag-defli","tag-delfi","tag-ee","tag-eesti","tag-eesti-keel","tag-ekaart","tag-email","tag-erootika","tag-estonia","tag-estonian","tag-featured-news","tag-featurednews","tag-film","tag-foto","tag-headlines","tag-horoskoop","tag-ilm","tag-ilmaennustus","tag-internet","tag-kaart","tag-kava","tag-kindlustus","tag-kinnisvara","tag-kuulutused","tag-lasteleht","tag-latest-news","tag-latestnews","tag-loto","tag-majandus","tag-mangud","tag-mobiil","tag-muusika","tag-naisteleht","tag-naljad","tag-news","tag-otsing","tag-pank","tag-pilt","tag-populaarseimad-lood","tag-raadio","tag-reklaam","tag-seks","tag-sms","tag-solo","tag-sport","tag-tarkvara","tag-tasuta","tag-too","tag-toopakkumised","tag-top-stories","tag-topstories","tag-tutvus","tag-tv","tag-uldised-uudised","tag-uudised","tag-valimised","tag-valuuta","tag-video","tag-viimased-uudised"],"share_on_mastodon":{"url":"","error":"Validation failed: Text character limit of 500 exceeded"},"_links":{"self":[{"href":"https:\/\/www.europesays.com\/ee\/wp-json\/wp\/v2\/posts\/266395","targetHints":{"allow":["GET"]}}],"collection":[{"href":"https:\/\/www.europesays.com\/ee\/wp-json\/wp\/v2\/posts"}],"about":[{"href":"https:\/\/www.europesays.com\/ee\/wp-json\/wp\/v2\/types\/post"}],"author":[{"embeddable":true,"href":"https:\/\/www.europesays.com\/ee\/wp-json\/wp\/v2\/users\/2"}],"replies":[{"embeddable":true,"href":"https:\/\/www.europesays.com\/ee\/wp-json\/wp\/v2\/comments?post=266395"}],"version-history":[{"count":0,"href":"https:\/\/www.europesays.com\/ee\/wp-json\/wp\/v2\/posts\/266395\/revisions"}],"wp:featuredmedia":[{"embeddable":true,"href":"https:\/\/www.europesays.com\/ee\/wp-json\/wp\/v2\/media\/266396"}],"wp:attachment":[{"href":"https:\/\/www.europesays.com\/ee\/wp-json\/wp\/v2\/media?parent=266395"}],"wp:term":[{"taxonomy":"category","embeddable":true,"href":"https:\/\/www.europesays.com\/ee\/wp-json\/wp\/v2\/categories?post=266395"},{"taxonomy":"post_tag","embeddable":true,"href":"https:\/\/www.europesays.com\/ee\/wp-json\/wp\/v2\/tags?post=266395"}],"curies":[{"name":"wp","href":"https:\/\/api.w.org\/{rel}","templated":true}]}}