{"id":266403,"date":"2026-09-02T08:10:00","date_gmt":"2026-09-02T08:10:00","guid":{"rendered":"https:\/\/www.europesays.com\/ee\/266403\/"},"modified":"2026-09-02T08:10:00","modified_gmt":"2026-09-02T08:10:00","slug":"eesti-haridusreformi-algus-tuhanded-opilased-endiselt-susteemist-valjas","status":"publish","type":"post","link":"https:\/\/www.europesays.com\/ee\/266403\/","title":{"rendered":"Eesti haridusreformi algus: tuhanded \u00f5pilased endiselt s\u00fcsteemist v\u00e4ljas"},"content":{"rendered":"<p class=\"text-muted-foreground text-[15px] leading-relaxed\">Uue kooliaasta k\u00fcnnisel on \u00fcle Eesti, eriti Tallinnas, tuhanded noored kohustusliku hariduse s\u00fcsteemis registreerimata, mis tekitab k\u00fcsimusi reformi tegeliku rakendamise kohta.<\/p>\n<ul class=\"space-y-3 text-[15px] leading-relaxed\">\n<li class=\"flex gap-3\">\u2014Eesti uue kooliaasta alguses on m\u00e4rkimisv\u00e4\u00e4rne hulk \u00f5pilasi, eriti Tallinnas, riiklikus hariduse infos\u00fcsteemis (EHIS) arveldamata, mis tekitab muret kohustusliku hariduse reformi t\u00e4itmise p\u00e4rast, mis n\u00f5uab k\u00f5igilt noortelt \u00f5pingute j\u00e4tkamist kuni 18. eluaastani.<\/li>\n<li class=\"flex gap-3\">\u2014Kuigi registreerimata \u00f5ppekohaga \u00f5pilaste arv on augusti keskpaigast v\u00e4henenud, on \u00fcleriigiliselt \u00fcle 1300 ja Tallinnas sadu \u00f5pilasi, kellel puudub kinnitatud \u00f5ppek\u00e4ik, mis n\u00f5uab nende j\u00e4lgimist ja sobivate \u00f5ppimisv\u00f5imaluste leidmist.<\/li>\n<li class=\"flex gap-3\">\u2014Haridusasutused, sealhulgas Tallinna L\u00e4\u00e4nemere G\u00fcmnaasium, kogevad \u00f5petajate puudust erinevates ainetes, mis raskendab akadeemiliseks aastaks valmistumist.<\/li>\n<li class=\"flex gap-3\">\u2014Reformi rakendamine on toonud esile lahknevused Haridusministeeriumi ja Tallinna linnaametnike vahel seoses ettevalmistava hariduse programmide valmisoleku ja suutlikkusega, mis on m\u00f5eldud \u00f5pilastele, kes ei leia koheselt kohta kesk- v\u00f5i kutsekoolis.<\/li>\n<li class=\"flex gap-3\">\u2014Tallinnas v\u00f5etakse haridusreformide k\u00f5rval kasutusele uued rahalised toetusmeetmed peredele, sealhulgas lapsehooldustoetused ja suurendatud koolitoetused, mille eesm\u00e4rk on toetada peresid ja h\u00f5lbustada \u00fcleminekut eestikeelsele \u00f5ppele.<\/li>\n<\/ul>\n","protected":false},"excerpt":{"rendered":"Uue kooliaasta k\u00fcnnisel on \u00fcle Eesti, eriti Tallinnas, tuhanded noored kohustusliku hariduse s\u00fcsteemis registreerimata, mis tekitab k\u00fcsimusi reformi&hellip;\n","protected":false},"author":2,"featured_media":266404,"comment_status":"","ping_status":"","sticky":false,"template":"","format":"standard","meta":{"footnotes":"","_share_on_mastodon":"0"},"categories":[12],"tags":[26,27,37,33,2680,35,34,36,31,32,2507,5409,21,103312,28,29,19,9010,7660,25,2130,23,24,22,20,30],"class_list":["post-266403","post","type-post","status-publish","format-standard","has-post-thumbnail","category-eesti","tag-breaking-news","tag-breakingnews","tag-ee","tag-eesti","tag-eesti-haridus","tag-eesti-keel","tag-estonia","tag-estonian","tag-featured-news","tag-featurednews","tag-haridusministeerium","tag-haridusreform","tag-headlines","tag-kohustuslik-haridus","tag-latest-news","tag-latestnews","tag-news","tag-opetajate-puudus","tag-opilased","tag-populaarseimad-lood","tag-tallinn","tag-top-stories","tag-topstories","tag-uldised-uudised","tag-uudised","tag-viimased-uudised"],"share_on_mastodon":{"url":"https:\/\/pubeurope.com\/@ee\/117200435666708303","error":""},"_links":{"self":[{"href":"https:\/\/www.europesays.com\/ee\/wp-json\/wp\/v2\/posts\/266403","targetHints":{"allow":["GET"]}}],"collection":[{"href":"https:\/\/www.europesays.com\/ee\/wp-json\/wp\/v2\/posts"}],"about":[{"href":"https:\/\/www.europesays.com\/ee\/wp-json\/wp\/v2\/types\/post"}],"author":[{"embeddable":true,"href":"https:\/\/www.europesays.com\/ee\/wp-json\/wp\/v2\/users\/2"}],"replies":[{"embeddable":true,"href":"https:\/\/www.europesays.com\/ee\/wp-json\/wp\/v2\/comments?post=266403"}],"version-history":[{"count":0,"href":"https:\/\/www.europesays.com\/ee\/wp-json\/wp\/v2\/posts\/266403\/revisions"}],"wp:featuredmedia":[{"embeddable":true,"href":"https:\/\/www.europesays.com\/ee\/wp-json\/wp\/v2\/media\/266404"}],"wp:attachment":[{"href":"https:\/\/www.europesays.com\/ee\/wp-json\/wp\/v2\/media?parent=266403"}],"wp:term":[{"taxonomy":"category","embeddable":true,"href":"https:\/\/www.europesays.com\/ee\/wp-json\/wp\/v2\/categories?post=266403"},{"taxonomy":"post_tag","embeddable":true,"href":"https:\/\/www.europesays.com\/ee\/wp-json\/wp\/v2\/tags?post=266403"}],"curies":[{"name":"wp","href":"https:\/\/api.w.org\/{rel}","templated":true}]}}