{"id":266409,"date":"2026-09-02T08:18:16","date_gmt":"2026-09-02T08:18:16","guid":{"rendered":"https:\/\/www.europesays.com\/ee\/266409\/"},"modified":"2026-09-02T08:18:16","modified_gmt":"2026-09-02T08:18:16","slug":"pommiohu-tottu-narvas-ara-jaanud-poolmaratoni-emv-toimub-tartus-kergejoustik","status":"publish","type":"post","link":"https:\/\/www.europesays.com\/ee\/266409\/","title":{"rendered":"Pommiohu t\u00f5ttu Narvas \u00e4ra j\u00e4\u00e4nud poolmaratoni EMV toimub Tartus | Kergej\u00f5ustik"},"content":{"rendered":"<p>Suvel turvaohu t\u00f5ttu \u00e4ra j\u00e4\u00e4nud Eesti meistriv\u00f5istlused poolmaratonis toimuvad 3. oktoobril Tartu Linnamaratoni raames.<\/p>\n<p>Poolmaratoni Eesti meistriv\u00f5istlused pidid toimuma juuni esimesel laup\u00e4eval Narvas, aga vahetult enne starti sai politsei vihje pommikahtluse kohta.\u00a0\u00dchelt pargipingilt leiti kahtlane v\u00e4ike kott, mida pommir\u00fchm hakkas kontrollima; hiljem teatas p\u00e4\u00e4stekeskus, et ohtu ei olnud ning leitud kahtlasest kotist avastati isiklikud asjad.<\/p>\n<p>Kolmap\u00e4eval teatas Eesti kergej\u00f5ustikuliit, et poolmaratoni EMV toimub t\u00e4navu Tartus Tartu Linnamaratoni raames. Start antakse 3. oktoobril kell 11.<\/p>\n<p>Meistriv\u00f5istlustel selgitatakse Eesti meistrid meeste ja naiste arvestuses. Viimati toimusid Eesti meistriv\u00f5istlused sel distantsil Tartus 2024. aastal, kui Eesti meistriteks krooniti Leonid Latsepov ning Liis-Grete Hussar.<\/p>\n","protected":false},"excerpt":{"rendered":"Suvel turvaohu t\u00f5ttu \u00e4ra j\u00e4\u00e4nud Eesti meistriv\u00f5istlused poolmaratonis toimuvad 3. oktoobril Tartu Linnamaratoni raames. Poolmaratoni Eesti meistriv\u00f5istlused pidid&hellip;\n","protected":false},"author":2,"featured_media":266410,"comment_status":"","ping_status":"","sticky":false,"template":"","format":"standard","meta":{"footnotes":"","_share_on_mastodon":"0"},"categories":[18],"tags":[37,33,35,34,36,172,983,1513,2828,159,158,2826,2827,1442],"class_list":["post-266409","post","type-post","status-publish","format-standard","has-post-thumbnail","category-sport","tag-ee","tag-eesti","tag-eesti-keel","tag-estonia","tag-estonian","tag-jalgpall","tag-kergejoustik","tag-korvpall","tag-ralli","tag-sport","tag-sports","tag-talisport","tag-tennis","tag-vorkpall"],"share_on_mastodon":{"url":"https:\/\/pubeurope.com\/@ee\/117200467176035418","error":""},"_links":{"self":[{"href":"https:\/\/www.europesays.com\/ee\/wp-json\/wp\/v2\/posts\/266409","targetHints":{"allow":["GET"]}}],"collection":[{"href":"https:\/\/www.europesays.com\/ee\/wp-json\/wp\/v2\/posts"}],"about":[{"href":"https:\/\/www.europesays.com\/ee\/wp-json\/wp\/v2\/types\/post"}],"author":[{"embeddable":true,"href":"https:\/\/www.europesays.com\/ee\/wp-json\/wp\/v2\/users\/2"}],"replies":[{"embeddable":true,"href":"https:\/\/www.europesays.com\/ee\/wp-json\/wp\/v2\/comments?post=266409"}],"version-history":[{"count":0,"href":"https:\/\/www.europesays.com\/ee\/wp-json\/wp\/v2\/posts\/266409\/revisions"}],"wp:featuredmedia":[{"embeddable":true,"href":"https:\/\/www.europesays.com\/ee\/wp-json\/wp\/v2\/media\/266410"}],"wp:attachment":[{"href":"https:\/\/www.europesays.com\/ee\/wp-json\/wp\/v2\/media?parent=266409"}],"wp:term":[{"taxonomy":"category","embeddable":true,"href":"https:\/\/www.europesays.com\/ee\/wp-json\/wp\/v2\/categories?post=266409"},{"taxonomy":"post_tag","embeddable":true,"href":"https:\/\/www.europesays.com\/ee\/wp-json\/wp\/v2\/tags?post=266409"}],"curies":[{"name":"wp","href":"https:\/\/api.w.org\/{rel}","templated":true}]}}