{"id":266411,"date":"2026-09-02T08:22:18","date_gmt":"2026-09-02T08:22:18","guid":{"rendered":"https:\/\/www.europesays.com\/ee\/266411\/"},"modified":"2026-09-02T08:22:18","modified_gmt":"2026-09-02T08:22:18","slug":"intervjuu-%e2%9f%a9-epp-petrone-eesti-noortel-ei-tule-enam-isegi-eestikeelsed-sonad-meelde","status":"publish","type":"post","link":"https:\/\/www.europesays.com\/ee\/266411\/","title":{"rendered":"INTERVJUU \u27e9 Epp Petrone: Eesti noortel ei tule enam isegi eestikeelsed s\u00f5nad meelde"},"content":{"rendered":"<p>Kirjastuse Petrone Print juht Epp Petrone \u00abMinu\u2026\u00bb reisiraamatute seeria on kaksk\u00fcmmend aastat kaardistanud eestlasi seiklemas laias maailmas, S\u00fc\u00fcriast Alaskani. 200. raamatuni j\u00f5udnud seeria on taas p\u00f6\u00f6ranud pilgu kodumaa poole raamatutega \u00abMinu Pirita\u00bb ja \u00abMinu Lottemaa\u00bb, kuid Petrone s\u00f5nul on globaliseerimine ning ingliskeelse kultuuri pealetung viinud ka selleni, et enamik noori kirjutavad inglise keeles ning isegi kirjandusteemalistes taskuh\u00e4\u00e4lingutes ei tule saatejuhtidel enam eestikeelsed s\u00f5nad meelde.<\/p>\n<p data-question=\"\">Ilmselt ei leidu eestlast, kes poleks tuttav Petrone Printi \u00abMinu\u2026\u00bb raamatusarjaga, milles ilmuvad lood erinevatest kohtadest maailmas, sealhulgas ka Eestist. Ja see seeria on kestnud praeguseks v\u00e4ga kaua\u2026<\/p>\n","protected":false},"excerpt":{"rendered":"Kirjastuse Petrone Print juht Epp Petrone \u00abMinu\u2026\u00bb reisiraamatute seeria on kaksk\u00fcmmend aastat kaardistanud eestlasi seiklemas laias maailmas, S\u00fc\u00fcriast&hellip;\n","protected":false},"author":2,"featured_media":266412,"comment_status":"","ping_status":"","sticky":false,"template":"","format":"standard","meta":{"footnotes":"","_share_on_mastodon":"0"},"categories":[12],"tags":[26,27,37,33,35,25225,3314,34,36,31,32,27018,21,28,29,19,83623,25,63443,23,24,22,20,30],"class_list":["post-266411","post","type-post","status-publish","format-standard","has-post-thumbnail","category-eesti","tag-breaking-news","tag-breakingnews","tag-ee","tag-eesti","tag-eesti-keel","tag-eesti-kirjandus","tag-epp-petrone","tag-estonia","tag-estonian","tag-featured-news","tag-featurednews","tag-globaliseerumine","tag-headlines","tag-latest-news","tag-latestnews","tag-news","tag-petrone-print","tag-populaarseimad-lood","tag-reisiraamat","tag-top-stories","tag-topstories","tag-uldised-uudised","tag-uudised","tag-viimased-uudised"],"share_on_mastodon":{"url":"https:\/\/pubeurope.com\/@ee\/117200482984015991","error":""},"_links":{"self":[{"href":"https:\/\/www.europesays.com\/ee\/wp-json\/wp\/v2\/posts\/266411","targetHints":{"allow":["GET"]}}],"collection":[{"href":"https:\/\/www.europesays.com\/ee\/wp-json\/wp\/v2\/posts"}],"about":[{"href":"https:\/\/www.europesays.com\/ee\/wp-json\/wp\/v2\/types\/post"}],"author":[{"embeddable":true,"href":"https:\/\/www.europesays.com\/ee\/wp-json\/wp\/v2\/users\/2"}],"replies":[{"embeddable":true,"href":"https:\/\/www.europesays.com\/ee\/wp-json\/wp\/v2\/comments?post=266411"}],"version-history":[{"count":0,"href":"https:\/\/www.europesays.com\/ee\/wp-json\/wp\/v2\/posts\/266411\/revisions"}],"wp:featuredmedia":[{"embeddable":true,"href":"https:\/\/www.europesays.com\/ee\/wp-json\/wp\/v2\/media\/266412"}],"wp:attachment":[{"href":"https:\/\/www.europesays.com\/ee\/wp-json\/wp\/v2\/media?parent=266411"}],"wp:term":[{"taxonomy":"category","embeddable":true,"href":"https:\/\/www.europesays.com\/ee\/wp-json\/wp\/v2\/categories?post=266411"},{"taxonomy":"post_tag","embeddable":true,"href":"https:\/\/www.europesays.com\/ee\/wp-json\/wp\/v2\/tags?post=266411"}],"curies":[{"name":"wp","href":"https:\/\/api.w.org\/{rel}","templated":true}]}}